{"id":512,"date":"2022-04-19T17:30:00","date_gmt":"2022-04-19T17:30:00","guid":{"rendered":"https:\/\/sorteioseamostrasgratis.com.br\/essa-mulher-se-recusa-a-tirar-os-pelos-do-rosto-e-do-corpo-e-diz-que-isso-aumentou-sua-confianca\/"},"modified":"2026-04-22T16:49:32","modified_gmt":"2026-04-22T16:49:32","slug":"essa-mulher-se-recusa-a-tirar-os-pelos-do-rosto-e-do-corpo-e-diz-que-isso-aumentou-sua-confianca","status":"publish","type":"post","link":"https:\/\/sorteioseamostrasgratis.com.br\/pt\/essa-mulher-se-recusa-a-tirar-os-pelos-do-rosto-e-do-corpo-e-diz-que-isso-aumentou-sua-confianca\/","title":{"rendered":"Essa mulher se recusa a tirar os pelos do rosto e do corpo e diz que isso aumentou sua confian\u00e7a"},"content":{"rendered":"<div class=\"mx-5 sm:mx-0 prose text-left mb-5\">\n<p style=\"text-align: center;\">\n<div style=\"clear: both; text-align: center;\"><a href=\"https:\/\/blogger.googleusercontent.com\/img\/b\/R29vZ2xl\/AVvXsEjkczVx5u6fALbNLujMG7YRx9Lbi1vphiiPf79foEV_0-yzQPL4Zs9thtWFONXUUdOehvECk0qY4abKYdPBjSvDmqZpPLJj4IzYlNkRSRikWZBlAmwt3fcuXe3KFicRnEdDFoUn8gb1ulz1lMF7Mhzk6rQKIAjWVUDPFSfmSxGBXPP1NFmZs-O1DMDY\/s800\/jovem-se-recusa-a-tirar-pelos-sobrancelha-bigode.jpg\" style=\"margin-left: 1em; margin-right: 1em;\"><img loading=\"lazy\" decoding=\"async\" border=\"0\" data-original-height=\"457\" data-original-width=\"800\" height=\"366\" src=\"https:\/\/blogger.googleusercontent.com\/img\/b\/R29vZ2xl\/AVvXsEjkczVx5u6fALbNLujMG7YRx9Lbi1vphiiPf79foEV_0-yzQPL4Zs9thtWFONXUUdOehvECk0qY4abKYdPBjSvDmqZpPLJj4IzYlNkRSRikWZBlAmwt3fcuXe3KFicRnEdDFoUn8gb1ulz1lMF7Mhzk6rQKIAjWVUDPFSfmSxGBXPP1NFmZs-O1DMDY\/w640-h366\/jovem-se-recusa-a-tirar-pelos-sobrancelha-bigode.jpg\" width=\"640\" \/><\/a><\/div>\n<p><span style=\"color: #444444; font-family: verdana;\"><br \/><\/span><\/p>\n<p><span style=\"color: #444444; font-family: verdana;\">Eldina quer ser aceita como realmente \u00e9, com todos os pelos do corpo. Os pelos s\u00e3o uma parte natural de nosso corpo, mas a forma como escolhemos mant\u00ea-los divide opini\u00f5es h\u00e1 muito tempo.<\/span><\/p>\n<p><span style=\"color: #444444; font-family: verdana;\"><br \/><\/span><\/p>\n<p><span style=\"color: #444444; font-family: verdana;\">Especialmente nas mulheres, \u00e9 comum que os pelos, especialmente os mais vis\u00edveis, como da sobrancelha, bu\u00e7o e axilas estejam aparados, porque, para muitas delas, a depila\u00e7\u00e3o \u00e9 algo natural, que faz bem, por trazer mais liberdade e at\u00e9 mesmo um senso de higiene melhor.<\/span><\/p>\n<p><span style=\"color: #444444; font-family: verdana;\"><br \/><\/span><\/p>\n<p><span style=\"color: #444444; font-family: verdana;\">No entanto, para outro grupo de mulheres, remover ou modelar os pelos n\u00e3o \u00e9 algo que apreciam, mas fazem apenas pela press\u00e3o da sociedade, pois se sentem bem em mant\u00ea-los em sua forma natural.<\/span><\/p>\n<p><span style=\"color: #444444; font-family: verdana;\"><br \/><\/span><\/p>\n<p><span style=\"color: #444444; font-family: verdana;\">Se aceite com todos os pelos<\/span><\/p>\n<p><span style=\"color: #444444; font-family: verdana;\">Eldina Jaganjac, uma dinamarquesa de 31 anos, \u00e9 uma dessas mulheres. H\u00e1 algum tempo, ela decidiu que n\u00e3o removeria mais os seus pelos e, desde ent\u00e3o, tem mantido uma apar\u00eancia bastante natural, que a agrada.<\/span><\/p>\n<p><span style=\"color: #444444; font-family: verdana;\"><br \/><\/span><\/p>\n<p><span style=\"color: #444444; font-family: verdana;\">Em entrevista a Unilad, ela disse que estava se sentindo frustrada com as diferen\u00e7as na depila\u00e7\u00e3o entre homens e mulheres, e que se recusa e depilar o bu\u00e7o ou as sobrancelhas, o que funciona para ela como uma maneira de \u201celiminar\u201d os encontros ruins, conhecendo apenas homens que a aceitem como realmente \u00e9.<\/span><\/p>\n<p><span style=\"color: #444444; font-family: verdana;\"><\/span><\/p>\n<p><\/p>\n<div><\/div>\n<\/p>\n<div style=\"clear: both; text-align: center;\"><a href=\"https:\/\/blogger.googleusercontent.com\/img\/b\/R29vZ2xl\/AVvXsEiagk7IsdRROcAyoaShEcsWmE7C5tlERiQUEjckVD13SDzd2gg08UuRX3w0EseqeQjrMZvLBTOMoFP6lL5-GD-Fhz_5J5x_EpcDOrqbGwtHKqbeL6PHkfQHRcu2VJ0XG-y9auoDiRmBKlYS--XBvZ1J-IcX8h-zoq6qtW4PYnQcKAr-ie45hUvYRDSx\/s800\/mulher-pelos-faciais-sobrancelha.jpg\" style=\"margin-left: 1em; margin-right: 1em;\"><img loading=\"lazy\" decoding=\"async\" border=\"0\" data-original-height=\"430\" data-original-width=\"800\" height=\"344\" src=\"https:\/\/blogger.googleusercontent.com\/img\/b\/R29vZ2xl\/AVvXsEiagk7IsdRROcAyoaShEcsWmE7C5tlERiQUEjckVD13SDzd2gg08UuRX3w0EseqeQjrMZvLBTOMoFP6lL5-GD-Fhz_5J5x_EpcDOrqbGwtHKqbeL6PHkfQHRcu2VJ0XG-y9auoDiRmBKlYS--XBvZ1J-IcX8h-zoq6qtW4PYnQcKAr-ie45hUvYRDSx\/w640-h344\/mulher-pelos-faciais-sobrancelha.jpg\" width=\"640\" \/><\/a><\/div>\n<div style=\"clear: both; text-align: center;\"><b style=\"background-color: white; color: #424242; font-family: Lato, sans-serif; font-size: 16px; margin: 0px; padding: 0px; text-align: start;\">Desde mar\u00e7o de 2020, ela mant\u00e9m essa nova apar\u00eancia, pois percebeu que o tamanho dos pelos n\u00e3o influencia na sua feminilidade.<\/b><\/div>\n<\/p>\n<div style=\"clear: both;\">\n<div style=\"clear: both;\"><span style=\"color: #444444; font-family: verdana;\">Eldina explicou que, antes de deixar a sobrancelha crescer, ela sentia que as mulheres tinham op\u00e7\u00f5es muito limitadas de apar\u00eancia, e citou que, quando os homens n\u00e3o fazem a barba ou as sobrancelhas, ningu\u00e9m comenta, pois n\u00e3o \u00e9 visto como algo \u201cfora do comum\u201d.<\/span><\/div>\n<div style=\"clear: both;\"><span style=\"color: #444444; font-family: verdana;\"><br \/><\/span><\/div>\n<div style=\"clear: both;\"><span style=\"color: #444444; font-family: verdana;\">Ela tamb\u00e9m comentou que j\u00e1 deixou de sair porque as sobrancelhas ou as pernas n\u00e3o estavam do \u201cjeito certo\u201d, mas que agora aprendeu a se policiar e est\u00e1 se concentrando em seus objetivos, sem se importar se as pessoas gostam dela ou n\u00e3o, porque provavelmente n\u00e3o as ver\u00e3o novamente.<\/span><\/div>\n<div style=\"clear: both;\"><span style=\"color: #444444; font-family: verdana;\"><br \/><\/span><\/div>\n<div style=\"clear: both;\"><span style=\"color: #444444; font-family: verdana;\">\u00c9 claro que ela enfrentou desafios no come\u00e7o, com muitos homens dizendo para ela se depilar ou at\u00e9 mesmo olhando para suas sobrancelhas, como se ela tivesse uma \u201cterceira cabe\u00e7a\u201d, mas ela afirma que isso apenas ajudou a afastar as pessoas que n\u00e3o quer ter por perto.<\/span><\/div>\n<\/div>\n<div style=\"clear: both;\">\n<div style=\"clear: both;\"><\/div>\n<\/div>\n<p><span style=\"color: #444444; font-family: verdana;\"><br \/><\/span><\/p>\n<\/div>","protected":false},"excerpt":{"rendered":"<p>Eldina quer ser aceita como realmente \u00e9, com todos os pelos do corpo. Os pelos s\u00e3o uma parte natural de nosso corpo, mas a forma como escolhemos mant\u00ea-los divide opini\u00f5es h\u00e1 muito tempo. Especialmente nas mulheres, \u00e9 comum que os pelos, especialmente os mais vis\u00edveis, como da sobrancelha, bu\u00e7o e axilas estejam aparados, porque, para&hellip; <a class=\"more-link\" href=\"https:\/\/sorteioseamostrasgratis.com.br\/pt\/essa-mulher-se-recusa-a-tirar-os-pelos-do-rosto-e-do-corpo-e-diz-que-isso-aumentou-sua-confianca\/\">Continue reading <span class=\"screen-reader-text\">Essa mulher se recusa a tirar os pelos do rosto e do corpo e diz que isso aumentou sua confian\u00e7a<\/span><\/a><\/p>","protected":false},"author":0,"featured_media":0,"comment_status":"open","ping_status":"open","sticky":false,"template":"","format":"standard","meta":{"footnotes":""},"categories":[32],"tags":[],"yoast_head":"<!-- This site is optimized with the Yoast SEO plugin v23.3 - https:\/\/yoast.com\/wordpress\/plugins\/seo\/ -->\n<title>Essa mulher se recusa a tirar os pelos do rosto e do corpo e diz que isso aumentou sua confian\u00e7a - Sorteios Amostras Gratis<\/title>\n<meta name=\"robots\" content=\"index, follow, max-snippet:-1, max-image-preview:large, max-video-preview:-1\" \/>\n<link rel=\"canonical\" href=\"https:\/\/sorteioseamostrasgratis.com.br\/pt\/essa-mulher-se-recusa-a-tirar-os-pelos-do-rosto-e-do-corpo-e-diz-que-isso-aumentou-sua-confianca\/\" \/>\n<meta property=\"og:locale\" content=\"pt_PT\" \/>\n<meta property=\"og:type\" content=\"article\" \/>\n<meta property=\"og:title\" content=\"Essa mulher se recusa a tirar os pelos do rosto e do corpo e diz que isso aumentou sua confian\u00e7a - Sorteios Amostras Gratis\" \/>\n<meta property=\"og:description\" content=\"Eldina quer ser aceita como realmente \u00e9, com todos os pelos do corpo. Os pelos s\u00e3o uma parte natural de nosso corpo, mas a forma como escolhemos mant\u00ea-los divide opini\u00f5es h\u00e1 muito tempo. Especialmente nas mulheres, \u00e9 comum que os pelos, especialmente os mais vis\u00edveis, como da sobrancelha, bu\u00e7o e axilas estejam aparados, porque, para&hellip; Continue reading Essa mulher se recusa a tirar os pelos do rosto e do corpo e diz que isso aumentou sua confian\u00e7a\" \/>\n<meta property=\"og:url\" content=\"https:\/\/sorteioseamostrasgratis.com.br\/pt\/essa-mulher-se-recusa-a-tirar-os-pelos-do-rosto-e-do-corpo-e-diz-que-isso-aumentou-sua-confianca\/\" \/>\n<meta property=\"og:site_name\" content=\"Sorteios Amostras Gratis\" \/>\n<meta property=\"article:published_time\" content=\"2022-04-19T17:30:00+00:00\" \/>\n<meta property=\"article:modified_time\" content=\"2026-04-22T16:49:32+00:00\" \/>\n<meta property=\"og:image\" content=\"https:\/\/blogger.googleusercontent.com\/img\/b\/R29vZ2xl\/AVvXsEjkczVx5u6fALbNLujMG7YRx9Lbi1vphiiPf79foEV_0-yzQPL4Zs9thtWFONXUUdOehvECk0qY4abKYdPBjSvDmqZpPLJj4IzYlNkRSRikWZBlAmwt3fcuXe3KFicRnEdDFoUn8gb1ulz1lMF7Mhzk6rQKIAjWVUDPFSfmSxGBXPP1NFmZs-O1DMDY\/w640-h366\/jovem-se-recusa-a-tirar-pelos-sobrancelha-bigode.jpg\" \/>\n<meta name=\"twitter:card\" content=\"summary_large_image\" \/>\n<meta name=\"twitter:label1\" content=\"Est. reading time\" \/>\n\t<meta name=\"twitter:data1\" content=\"2 minutos\" \/>\n<script type=\"application\/ld+json\" class=\"yoast-schema-graph\">{\"@context\":\"https:\/\/schema.org\",\"@graph\":[{\"@type\":\"WebPage\",\"@id\":\"https:\/\/sorteioseamostrasgratis.com.br\/essa-mulher-se-recusa-a-tirar-os-pelos-do-rosto-e-do-corpo-e-diz-que-isso-aumentou-sua-confianca\/\",\"url\":\"https:\/\/sorteioseamostrasgratis.com.br\/essa-mulher-se-recusa-a-tirar-os-pelos-do-rosto-e-do-corpo-e-diz-que-isso-aumentou-sua-confianca\/\",\"name\":\"Essa mulher se recusa a tirar os pelos do rosto e do corpo e diz que isso aumentou sua confian\u00e7a - Sorteios Amostras Gratis\",\"isPartOf\":{\"@id\":\"https:\/\/sorteioseamostrasgratis.com.br\/#website\"},\"primaryImageOfPage\":{\"@id\":\"https:\/\/sorteioseamostrasgratis.com.br\/essa-mulher-se-recusa-a-tirar-os-pelos-do-rosto-e-do-corpo-e-diz-que-isso-aumentou-sua-confianca\/#primaryimage\"},\"image\":{\"@id\":\"https:\/\/sorteioseamostrasgratis.com.br\/essa-mulher-se-recusa-a-tirar-os-pelos-do-rosto-e-do-corpo-e-diz-que-isso-aumentou-sua-confianca\/#primaryimage\"},\"thumbnailUrl\":\"https:\/\/blogger.googleusercontent.com\/img\/b\/R29vZ2xl\/AVvXsEjkczVx5u6fALbNLujMG7YRx9Lbi1vphiiPf79foEV_0-yzQPL4Zs9thtWFONXUUdOehvECk0qY4abKYdPBjSvDmqZpPLJj4IzYlNkRSRikWZBlAmwt3fcuXe3KFicRnEdDFoUn8gb1ulz1lMF7Mhzk6rQKIAjWVUDPFSfmSxGBXPP1NFmZs-O1DMDY\/w640-h366\/jovem-se-recusa-a-tirar-pelos-sobrancelha-bigode.jpg\",\"datePublished\":\"2022-04-19T17:30:00+00:00\",\"dateModified\":\"2026-04-22T16:49:32+00:00\",\"author\":{\"@id\":\"\"},\"breadcrumb\":{\"@id\":\"https:\/\/sorteioseamostrasgratis.com.br\/essa-mulher-se-recusa-a-tirar-os-pelos-do-rosto-e-do-corpo-e-diz-que-isso-aumentou-sua-confianca\/#breadcrumb\"},\"inLanguage\":\"pt-PT\",\"potentialAction\":[{\"@type\":\"ReadAction\",\"target\":[\"https:\/\/sorteioseamostrasgratis.com.br\/essa-mulher-se-recusa-a-tirar-os-pelos-do-rosto-e-do-corpo-e-diz-que-isso-aumentou-sua-confianca\/\"]}]},{\"@type\":\"ImageObject\",\"inLanguage\":\"pt-PT\",\"@id\":\"https:\/\/sorteioseamostrasgratis.com.br\/essa-mulher-se-recusa-a-tirar-os-pelos-do-rosto-e-do-corpo-e-diz-que-isso-aumentou-sua-confianca\/#primaryimage\",\"url\":\"https:\/\/blogger.googleusercontent.com\/img\/b\/R29vZ2xl\/AVvXsEjkczVx5u6fALbNLujMG7YRx9Lbi1vphiiPf79foEV_0-yzQPL4Zs9thtWFONXUUdOehvECk0qY4abKYdPBjSvDmqZpPLJj4IzYlNkRSRikWZBlAmwt3fcuXe3KFicRnEdDFoUn8gb1ulz1lMF7Mhzk6rQKIAjWVUDPFSfmSxGBXPP1NFmZs-O1DMDY\/w640-h366\/jovem-se-recusa-a-tirar-pelos-sobrancelha-bigode.jpg\",\"contentUrl\":\"https:\/\/blogger.googleusercontent.com\/img\/b\/R29vZ2xl\/AVvXsEjkczVx5u6fALbNLujMG7YRx9Lbi1vphiiPf79foEV_0-yzQPL4Zs9thtWFONXUUdOehvECk0qY4abKYdPBjSvDmqZpPLJj4IzYlNkRSRikWZBlAmwt3fcuXe3KFicRnEdDFoUn8gb1ulz1lMF7Mhzk6rQKIAjWVUDPFSfmSxGBXPP1NFmZs-O1DMDY\/w640-h366\/jovem-se-recusa-a-tirar-pelos-sobrancelha-bigode.jpg\"},{\"@type\":\"BreadcrumbList\",\"@id\":\"https:\/\/sorteioseamostrasgratis.com.br\/essa-mulher-se-recusa-a-tirar-os-pelos-do-rosto-e-do-corpo-e-diz-que-isso-aumentou-sua-confianca\/#breadcrumb\",\"itemListElement\":[{\"@type\":\"ListItem\",\"position\":1,\"name\":\"Home\",\"item\":\"https:\/\/sorteioseamostrasgratis.com.br\/\"},{\"@type\":\"ListItem\",\"position\":2,\"name\":\"Essa mulher se recusa a tirar os pelos do rosto e do corpo e diz que isso aumentou sua confian\u00e7a\"}]},{\"@type\":\"WebSite\",\"@id\":\"https:\/\/sorteioseamostrasgratis.com.br\/#website\",\"url\":\"https:\/\/sorteioseamostrasgratis.com.br\/\",\"name\":\"Sorteios Amostras Gratis\",\"description\":\"\",\"potentialAction\":[{\"@type\":\"SearchAction\",\"target\":{\"@type\":\"EntryPoint\",\"urlTemplate\":\"https:\/\/sorteioseamostrasgratis.com.br\/?s={search_term_string}\"},\"query-input\":\"required name=search_term_string\"}],\"inLanguage\":\"pt-PT\"}]}<\/script>\n<!-- \/ Yoast SEO plugin. -->","yoast_head_json":{"title":"Essa mulher se recusa a tirar os pelos do rosto e do corpo e diz que isso aumentou sua confian\u00e7a - Sorteios Amostras Gratis","robots":{"index":"index","follow":"follow","max-snippet":"max-snippet:-1","max-image-preview":"max-image-preview:large","max-video-preview":"max-video-preview:-1"},"canonical":"https:\/\/sorteioseamostrasgratis.com.br\/pt\/essa-mulher-se-recusa-a-tirar-os-pelos-do-rosto-e-do-corpo-e-diz-que-isso-aumentou-sua-confianca\/","og_locale":"pt_PT","og_type":"article","og_title":"Essa mulher se recusa a tirar os pelos do rosto e do corpo e diz que isso aumentou sua confian\u00e7a - Sorteios Amostras Gratis","og_description":"Eldina quer ser aceita como realmente \u00e9, com todos os pelos do corpo. Os pelos s\u00e3o uma parte natural de nosso corpo, mas a forma como escolhemos mant\u00ea-los divide opini\u00f5es h\u00e1 muito tempo. Especialmente nas mulheres, \u00e9 comum que os pelos, especialmente os mais vis\u00edveis, como da sobrancelha, bu\u00e7o e axilas estejam aparados, porque, para&hellip; Continue reading Essa mulher se recusa a tirar os pelos do rosto e do corpo e diz que isso aumentou sua confian\u00e7a","og_url":"https:\/\/sorteioseamostrasgratis.com.br\/pt\/essa-mulher-se-recusa-a-tirar-os-pelos-do-rosto-e-do-corpo-e-diz-que-isso-aumentou-sua-confianca\/","og_site_name":"Sorteios Amostras Gratis","article_published_time":"2022-04-19T17:30:00+00:00","article_modified_time":"2026-04-22T16:49:32+00:00","og_image":[{"url":"https:\/\/blogger.googleusercontent.com\/img\/b\/R29vZ2xl\/AVvXsEjkczVx5u6fALbNLujMG7YRx9Lbi1vphiiPf79foEV_0-yzQPL4Zs9thtWFONXUUdOehvECk0qY4abKYdPBjSvDmqZpPLJj4IzYlNkRSRikWZBlAmwt3fcuXe3KFicRnEdDFoUn8gb1ulz1lMF7Mhzk6rQKIAjWVUDPFSfmSxGBXPP1NFmZs-O1DMDY\/w640-h366\/jovem-se-recusa-a-tirar-pelos-sobrancelha-bigode.jpg"}],"twitter_card":"summary_large_image","twitter_misc":{"Est. reading time":"2 minutos"},"schema":{"@context":"https:\/\/schema.org","@graph":[{"@type":"WebPage","@id":"https:\/\/sorteioseamostrasgratis.com.br\/essa-mulher-se-recusa-a-tirar-os-pelos-do-rosto-e-do-corpo-e-diz-que-isso-aumentou-sua-confianca\/","url":"https:\/\/sorteioseamostrasgratis.com.br\/essa-mulher-se-recusa-a-tirar-os-pelos-do-rosto-e-do-corpo-e-diz-que-isso-aumentou-sua-confianca\/","name":"Essa mulher se recusa a tirar os pelos do rosto e do corpo e diz que isso aumentou sua confian\u00e7a - Sorteios Amostras Gratis","isPartOf":{"@id":"https:\/\/sorteioseamostrasgratis.com.br\/#website"},"primaryImageOfPage":{"@id":"https:\/\/sorteioseamostrasgratis.com.br\/essa-mulher-se-recusa-a-tirar-os-pelos-do-rosto-e-do-corpo-e-diz-que-isso-aumentou-sua-confianca\/#primaryimage"},"image":{"@id":"https:\/\/sorteioseamostrasgratis.com.br\/essa-mulher-se-recusa-a-tirar-os-pelos-do-rosto-e-do-corpo-e-diz-que-isso-aumentou-sua-confianca\/#primaryimage"},"thumbnailUrl":"https:\/\/blogger.googleusercontent.com\/img\/b\/R29vZ2xl\/AVvXsEjkczVx5u6fALbNLujMG7YRx9Lbi1vphiiPf79foEV_0-yzQPL4Zs9thtWFONXUUdOehvECk0qY4abKYdPBjSvDmqZpPLJj4IzYlNkRSRikWZBlAmwt3fcuXe3KFicRnEdDFoUn8gb1ulz1lMF7Mhzk6rQKIAjWVUDPFSfmSxGBXPP1NFmZs-O1DMDY\/w640-h366\/jovem-se-recusa-a-tirar-pelos-sobrancelha-bigode.jpg","datePublished":"2022-04-19T17:30:00+00:00","dateModified":"2026-04-22T16:49:32+00:00","author":{"@id":""},"breadcrumb":{"@id":"https:\/\/sorteioseamostrasgratis.com.br\/essa-mulher-se-recusa-a-tirar-os-pelos-do-rosto-e-do-corpo-e-diz-que-isso-aumentou-sua-confianca\/#breadcrumb"},"inLanguage":"pt-PT","potentialAction":[{"@type":"ReadAction","target":["https:\/\/sorteioseamostrasgratis.com.br\/essa-mulher-se-recusa-a-tirar-os-pelos-do-rosto-e-do-corpo-e-diz-que-isso-aumentou-sua-confianca\/"]}]},{"@type":"ImageObject","inLanguage":"pt-PT","@id":"https:\/\/sorteioseamostrasgratis.com.br\/essa-mulher-se-recusa-a-tirar-os-pelos-do-rosto-e-do-corpo-e-diz-que-isso-aumentou-sua-confianca\/#primaryimage","url":"https:\/\/blogger.googleusercontent.com\/img\/b\/R29vZ2xl\/AVvXsEjkczVx5u6fALbNLujMG7YRx9Lbi1vphiiPf79foEV_0-yzQPL4Zs9thtWFONXUUdOehvECk0qY4abKYdPBjSvDmqZpPLJj4IzYlNkRSRikWZBlAmwt3fcuXe3KFicRnEdDFoUn8gb1ulz1lMF7Mhzk6rQKIAjWVUDPFSfmSxGBXPP1NFmZs-O1DMDY\/w640-h366\/jovem-se-recusa-a-tirar-pelos-sobrancelha-bigode.jpg","contentUrl":"https:\/\/blogger.googleusercontent.com\/img\/b\/R29vZ2xl\/AVvXsEjkczVx5u6fALbNLujMG7YRx9Lbi1vphiiPf79foEV_0-yzQPL4Zs9thtWFONXUUdOehvECk0qY4abKYdPBjSvDmqZpPLJj4IzYlNkRSRikWZBlAmwt3fcuXe3KFicRnEdDFoUn8gb1ulz1lMF7Mhzk6rQKIAjWVUDPFSfmSxGBXPP1NFmZs-O1DMDY\/w640-h366\/jovem-se-recusa-a-tirar-pelos-sobrancelha-bigode.jpg"},{"@type":"BreadcrumbList","@id":"https:\/\/sorteioseamostrasgratis.com.br\/essa-mulher-se-recusa-a-tirar-os-pelos-do-rosto-e-do-corpo-e-diz-que-isso-aumentou-sua-confianca\/#breadcrumb","itemListElement":[{"@type":"ListItem","position":1,"name":"Home","item":"https:\/\/sorteioseamostrasgratis.com.br\/"},{"@type":"ListItem","position":2,"name":"Essa mulher se recusa a tirar os pelos do rosto e do corpo e diz que isso aumentou sua confian\u00e7a"}]},{"@type":"WebSite","@id":"https:\/\/sorteioseamostrasgratis.com.br\/#website","url":"https:\/\/sorteioseamostrasgratis.com.br\/","name":"Sorteios Amostras Gratis","description":"","potentialAction":[{"@type":"SearchAction","target":{"@type":"EntryPoint","urlTemplate":"https:\/\/sorteioseamostrasgratis.com.br\/?s={search_term_string}"},"query-input":"required name=search_term_string"}],"inLanguage":"pt-PT"}]}},"_links":{"self":[{"href":"https:\/\/sorteioseamostrasgratis.com.br\/pt\/wp-json\/wp\/v2\/posts\/512"}],"collection":[{"href":"https:\/\/sorteioseamostrasgratis.com.br\/pt\/wp-json\/wp\/v2\/posts"}],"about":[{"href":"https:\/\/sorteioseamostrasgratis.com.br\/pt\/wp-json\/wp\/v2\/types\/post"}],"replies":[{"embeddable":true,"href":"https:\/\/sorteioseamostrasgratis.com.br\/pt\/wp-json\/wp\/v2\/comments?post=512"}],"version-history":[{"count":1,"href":"https:\/\/sorteioseamostrasgratis.com.br\/pt\/wp-json\/wp\/v2\/posts\/512\/revisions"}],"predecessor-version":[{"id":16061,"href":"https:\/\/sorteioseamostrasgratis.com.br\/pt\/wp-json\/wp\/v2\/posts\/512\/revisions\/16061"}],"wp:attachment":[{"href":"https:\/\/sorteioseamostrasgratis.com.br\/pt\/wp-json\/wp\/v2\/media?parent=512"}],"wp:term":[{"taxonomy":"category","embeddable":true,"href":"https:\/\/sorteioseamostrasgratis.com.br\/pt\/wp-json\/wp\/v2\/categories?post=512"},{"taxonomy":"post_tag","embeddable":true,"href":"https:\/\/sorteioseamostrasgratis.com.br\/pt\/wp-json\/wp\/v2\/tags?post=512"}],"curies":[{"name":"wp","href":"https:\/\/api.w.org\/{rel}","templated":true}]}}