{"id":512,"date":"2022-04-19T17:30:00","date_gmt":"2022-04-19T17:30:00","guid":{"rendered":"https:\/\/sorteioseamostrasgratis.com.br\/essa-mulher-se-recusa-a-tirar-os-pelos-do-rosto-e-do-corpo-e-diz-que-isso-aumentou-sua-confianca\/"},"modified":"2026-04-22T16:49:32","modified_gmt":"2026-04-22T16:49:32","slug":"essa-mulher-se-recusa-a-tirar-os-pelos-do-rosto-e-do-corpo-e-diz-que-isso-aumentou-sua-confianca","status":"publish","type":"post","link":"https:\/\/sorteioseamostrasgratis.com.br\/fr\/essa-mulher-se-recusa-a-tirar-os-pelos-do-rosto-e-do-corpo-e-diz-que-isso-aumentou-sua-confianca\/","title":{"rendered":"Cette femme refuse de se raser le visage et les poils du corps et dit que cela a renforc\u00e9 sa confiance en elle"},"content":{"rendered":"<div class=\"mx-5 sm:mx-0 prose text-left mb-5\">\n<p style=\"text-align: center;\">\n<div style=\"clear: both; text-align: center;\"><a href=\"https:\/\/blogger.googleusercontent.com\/img\/b\/R29vZ2xl\/AVvXsEjkczVx5u6fALbNLujMG7YRx9Lbi1vphiiPf79foEV_0-yzQPL4Zs9thtWFONXUUdOehvECk0qY4abKYdPBjSvDmqZpPLJj4IzYlNkRSRikWZBlAmwt3fcuXe3KFicRnEdDFoUn8gb1ulz1lMF7Mhzk6rQKIAjWVUDPFSfmSxGBXPP1NFmZs-O1DMDY\/s800\/jovem-se-recusa-a-tirar-pelos-sobrancelha-bigode.jpg\" style=\"margin-left: 1em; margin-right: 1em;\"><img loading=\"lazy\" decoding=\"async\" border=\"0\" data-original-height=\"457\" data-original-width=\"800\" height=\"366\" src=\"https:\/\/blogger.googleusercontent.com\/img\/b\/R29vZ2xl\/AVvXsEjkczVx5u6fALbNLujMG7YRx9Lbi1vphiiPf79foEV_0-yzQPL4Zs9thtWFONXUUdOehvECk0qY4abKYdPBjSvDmqZpPLJj4IzYlNkRSRikWZBlAmwt3fcuXe3KFicRnEdDFoUn8gb1ulz1lMF7Mhzk6rQKIAjWVUDPFSfmSxGBXPP1NFmZs-O1DMDY\/w640-h366\/jovem-se-recusa-a-tirar-pelos-sobrancelha-bigode.jpg\" width=\"640\" \/><\/a><\/div>\n<p><span style=\"color: #444444; font-family: verdana;\"><br \/><\/span><\/p>\n<p><span style=\"color: #444444; font-family: verdana;\">Eldina veut \u00eatre accept\u00e9e telle qu&#039;elle est, avec tous ses poils. Les poils font partie int\u00e9grante de notre corps, mais la fa\u00e7on dont nous choisissons de les entretenir est depuis longtemps source de divisions.<\/span><\/p>\n<p><span style=\"color: #444444; font-family: verdana;\"><br \/><\/span><\/p>\n<p><span style=\"color: #444444; font-family: verdana;\">Surtout chez les femmes, il est courant que les poils, surtout les plus visibles, comme les sourcils, la l\u00e8vre sup\u00e9rieure et les aisselles, soient coup\u00e9s, car, pour beaucoup d&#039;entre elles, l&#039;\u00e9pilation est quelque chose de naturel, ce qui est bien, car cela apporte plus de libert\u00e9 et m\u00eame un meilleur sens de l&#039;hygi\u00e8ne.<\/span><\/p>\n<p><span style=\"color: #444444; font-family: verdana;\"><br \/><\/span><\/p>\n<p><span style=\"color: #444444; font-family: verdana;\">Cependant, pour un autre groupe de femmes, s&#039;\u00e9piler ou se coiffer n&#039;est pas quelque chose qu&#039;elles aiment, mais elles le font uniquement \u00e0 cause de la pression sociale, car elles se sentent bien de les garder dans leur forme naturelle.<\/span><\/p>\n<p><span style=\"color: #444444; font-family: verdana;\"><br \/><\/span><\/p>\n<p><span style=\"color: #444444; font-family: verdana;\">Accepte-toi avec tous tes cheveux<\/span><\/p>\n<p><span style=\"color: #444444; font-family: verdana;\">Eldina Jaganjac, une Danoise de 31 ans, fait partie de ces femmes. Il y a quelque temps, elle a d\u00e9cid\u00e9 de ne plus s&#039;\u00e9piler et, depuis, elle conserve une apparence tr\u00e8s naturelle, dont elle est ravie.<\/span><\/p>\n<p><span style=\"color: #444444; font-family: verdana;\"><br \/><\/span><\/p>\n<p><span style=\"color: #444444; font-family: verdana;\">Dans une interview avec Unilad, elle a d\u00e9clar\u00e9 qu&#039;elle se sentait frustr\u00e9e par les diff\u00e9rences d&#039;\u00e9pilation entre les hommes et les femmes, et qu&#039;elle refusait de s&#039;\u00e9piler la l\u00e8vre sup\u00e9rieure ou les sourcils, ce qui fonctionne pour elle comme un moyen \u00ab d&#039;\u00e9liminer \u00bb les mauvais rendez-vous, en ne rencontrant que des hommes qui l&#039;acceptent telle qu&#039;elle est vraiment.<\/span><\/p>\n<p><span style=\"color: #444444; font-family: verdana;\"><\/span><\/p>\n<p><\/p>\n<div><\/div>\n<\/p>\n<div style=\"clear: both; text-align: center;\"><a href=\"https:\/\/blogger.googleusercontent.com\/img\/b\/R29vZ2xl\/AVvXsEiagk7IsdRROcAyoaShEcsWmE7C5tlERiQUEjckVD13SDzd2gg08UuRX3w0EseqeQjrMZvLBTOMoFP6lL5-GD-Fhz_5J5x_EpcDOrqbGwtHKqbeL6PHkfQHRcu2VJ0XG-y9auoDiRmBKlYS--XBvZ1J-IcX8h-zoq6qtW4PYnQcKAr-ie45hUvYRDSx\/s800\/mulher-pelos-faciais-sobrancelha.jpg\" style=\"margin-left: 1em; margin-right: 1em;\"><img loading=\"lazy\" decoding=\"async\" border=\"0\" data-original-height=\"430\" data-original-width=\"800\" height=\"344\" src=\"https:\/\/blogger.googleusercontent.com\/img\/b\/R29vZ2xl\/AVvXsEiagk7IsdRROcAyoaShEcsWmE7C5tlERiQUEjckVD13SDzd2gg08UuRX3w0EseqeQjrMZvLBTOMoFP6lL5-GD-Fhz_5J5x_EpcDOrqbGwtHKqbeL6PHkfQHRcu2VJ0XG-y9auoDiRmBKlYS--XBvZ1J-IcX8h-zoq6qtW4PYnQcKAr-ie45hUvYRDSx\/w640-h344\/mulher-pelos-faciais-sobrancelha.jpg\" width=\"640\" \/><\/a><\/div>\n<div style=\"clear: both; text-align: center;\"><b style=\"background-color: white; color: #424242; font-family: Lato, sans-serif; font-size: 16px; margin: 0px; padding: 0px; text-align: start;\">Depuis mars 2020, elle conserve cette nouvelle apparence, car elle s&#039;est rendu compte que la longueur de ses cheveux n&#039;influence pas sa f\u00e9minit\u00e9.<\/b><\/div>\n<\/p>\n<div style=\"clear: both;\">\n<div style=\"clear: both;\"><span style=\"color: #444444; font-family: verdana;\">Eldina a expliqu\u00e9 qu&#039;avant de laisser pousser ses sourcils, elle pensait que les femmes avaient des options d&#039;apparence tr\u00e8s limit\u00e9es et a not\u00e9 que lorsque les hommes ne se rasent pas ou ne s&#039;\u00e9pilent pas les sourcils, personne ne fait de commentaire parce que ce n&#039;est pas consid\u00e9r\u00e9 comme quelque chose de \u00ab hors du commun \u00bb.<\/span><\/div>\n<div style=\"clear: both;\"><span style=\"color: #444444; font-family: verdana;\"><br \/><\/span><\/div>\n<div style=\"clear: both;\"><span style=\"color: #444444; font-family: verdana;\">Elle a \u00e9galement comment\u00e9 qu&#039;elle avait arr\u00eat\u00e9 de sortir parce que ses sourcils ou ses jambes n&#039;\u00e9taient pas \u00ab bien \u00bb, mais que maintenant elle avait appris \u00e0 se contr\u00f4ler et se concentrait sur ses objectifs, sans se soucier de savoir si les gens l&#039;aiment ou non, car ils ne les reverront probablement plus.<\/span><\/div>\n<div style=\"clear: both;\"><span style=\"color: #444444; font-family: verdana;\"><br \/><\/span><\/div>\n<div style=\"clear: both;\"><span style=\"color: #444444; font-family: verdana;\">Bien s\u00fbr, elle a d\u00fb faire face \u00e0 des difficult\u00e9s au d\u00e9but, avec de nombreux hommes lui disant de se raser ou m\u00eame fixant ses sourcils comme si elle avait une \u00ab troisi\u00e8me t\u00eate \u00bb, mais elle dit que cela l&#039;a seulement aid\u00e9e \u00e0 \u00e9loigner les personnes avec lesquelles elle ne veut pas \u00eatre.<\/span><\/div>\n<\/div>\n<div style=\"clear: both;\">\n<div style=\"clear: both;\"><\/div>\n<\/div>\n<p><span style=\"color: #444444; font-family: verdana;\"><br \/><\/span><\/p>\n<\/div>","protected":false},"excerpt":{"rendered":"<p>Eldina quer ser aceita como realmente \u00e9, com todos os pelos do corpo. Os pelos s\u00e3o uma parte natural de nosso corpo, mas a forma como escolhemos mant\u00ea-los divide opini\u00f5es h\u00e1 muito tempo. Especialmente nas mulheres, \u00e9 comum que os pelos, especialmente os mais vis\u00edveis, como da sobrancelha, bu\u00e7o e axilas estejam aparados, porque, para&hellip; <a class=\"more-link\" href=\"https:\/\/sorteioseamostrasgratis.com.br\/fr\/essa-mulher-se-recusa-a-tirar-os-pelos-do-rosto-e-do-corpo-e-diz-que-isso-aumentou-sua-confianca\/\">Continuer \u00e0 lire <span class=\"screen-reader-text\">Cette femme refuse de se raser le visage et les poils du corps et dit que cela a renforc\u00e9 sa confiance en elle<\/span><\/a><\/p>","protected":false},"author":0,"featured_media":0,"comment_status":"open","ping_status":"open","sticky":false,"template":"","format":"standard","meta":{"footnotes":""},"categories":[32],"tags":[],"yoast_head":"<!-- This site is optimized with the Yoast SEO plugin v23.3 - https:\/\/yoast.com\/wordpress\/plugins\/seo\/ -->\n<title>Essa mulher se recusa a tirar os pelos do rosto e do corpo e diz que isso aumentou sua confian\u00e7a - Sorteios Amostras Gratis<\/title>\n<meta name=\"robots\" content=\"index, follow, max-snippet:-1, max-image-preview:large, max-video-preview:-1\" \/>\n<link rel=\"canonical\" href=\"https:\/\/sorteioseamostrasgratis.com.br\/fr\/essa-mulher-se-recusa-a-tirar-os-pelos-do-rosto-e-do-corpo-e-diz-que-isso-aumentou-sua-confianca\/\" \/>\n<meta property=\"og:locale\" content=\"fr_FR\" \/>\n<meta property=\"og:type\" content=\"article\" \/>\n<meta property=\"og:title\" content=\"Essa mulher se recusa a tirar os pelos do rosto e do corpo e diz que isso aumentou sua confian\u00e7a - Sorteios Amostras Gratis\" \/>\n<meta property=\"og:description\" content=\"Eldina quer ser aceita como realmente \u00e9, com todos os pelos do corpo. Os pelos s\u00e3o uma parte natural de nosso corpo, mas a forma como escolhemos mant\u00ea-los divide opini\u00f5es h\u00e1 muito tempo. Especialmente nas mulheres, \u00e9 comum que os pelos, especialmente os mais vis\u00edveis, como da sobrancelha, bu\u00e7o e axilas estejam aparados, porque, para&hellip; Continue reading Essa mulher se recusa a tirar os pelos do rosto e do corpo e diz que isso aumentou sua confian\u00e7a\" \/>\n<meta property=\"og:url\" content=\"https:\/\/sorteioseamostrasgratis.com.br\/fr\/essa-mulher-se-recusa-a-tirar-os-pelos-do-rosto-e-do-corpo-e-diz-que-isso-aumentou-sua-confianca\/\" \/>\n<meta property=\"og:site_name\" content=\"Sorteios Amostras Gratis\" \/>\n<meta property=\"article:published_time\" content=\"2022-04-19T17:30:00+00:00\" \/>\n<meta property=\"article:modified_time\" content=\"2026-04-22T16:49:32+00:00\" \/>\n<meta property=\"og:image\" content=\"https:\/\/blogger.googleusercontent.com\/img\/b\/R29vZ2xl\/AVvXsEjkczVx5u6fALbNLujMG7YRx9Lbi1vphiiPf79foEV_0-yzQPL4Zs9thtWFONXUUdOehvECk0qY4abKYdPBjSvDmqZpPLJj4IzYlNkRSRikWZBlAmwt3fcuXe3KFicRnEdDFoUn8gb1ulz1lMF7Mhzk6rQKIAjWVUDPFSfmSxGBXPP1NFmZs-O1DMDY\/w640-h366\/jovem-se-recusa-a-tirar-pelos-sobrancelha-bigode.jpg\" \/>\n<meta name=\"twitter:card\" content=\"summary_large_image\" \/>\n<meta name=\"twitter:label1\" content=\"Est. reading time\" \/>\n\t<meta name=\"twitter:data1\" content=\"2 minutes\" \/>\n<script type=\"application\/ld+json\" class=\"yoast-schema-graph\">{\"@context\":\"https:\/\/schema.org\",\"@graph\":[{\"@type\":\"WebPage\",\"@id\":\"https:\/\/sorteioseamostrasgratis.com.br\/essa-mulher-se-recusa-a-tirar-os-pelos-do-rosto-e-do-corpo-e-diz-que-isso-aumentou-sua-confianca\/\",\"url\":\"https:\/\/sorteioseamostrasgratis.com.br\/essa-mulher-se-recusa-a-tirar-os-pelos-do-rosto-e-do-corpo-e-diz-que-isso-aumentou-sua-confianca\/\",\"name\":\"Essa mulher se recusa a tirar os pelos do rosto e do corpo e diz que isso aumentou sua confian\u00e7a - Sorteios Amostras Gratis\",\"isPartOf\":{\"@id\":\"https:\/\/sorteioseamostrasgratis.com.br\/#website\"},\"primaryImageOfPage\":{\"@id\":\"https:\/\/sorteioseamostrasgratis.com.br\/essa-mulher-se-recusa-a-tirar-os-pelos-do-rosto-e-do-corpo-e-diz-que-isso-aumentou-sua-confianca\/#primaryimage\"},\"image\":{\"@id\":\"https:\/\/sorteioseamostrasgratis.com.br\/essa-mulher-se-recusa-a-tirar-os-pelos-do-rosto-e-do-corpo-e-diz-que-isso-aumentou-sua-confianca\/#primaryimage\"},\"thumbnailUrl\":\"https:\/\/blogger.googleusercontent.com\/img\/b\/R29vZ2xl\/AVvXsEjkczVx5u6fALbNLujMG7YRx9Lbi1vphiiPf79foEV_0-yzQPL4Zs9thtWFONXUUdOehvECk0qY4abKYdPBjSvDmqZpPLJj4IzYlNkRSRikWZBlAmwt3fcuXe3KFicRnEdDFoUn8gb1ulz1lMF7Mhzk6rQKIAjWVUDPFSfmSxGBXPP1NFmZs-O1DMDY\/w640-h366\/jovem-se-recusa-a-tirar-pelos-sobrancelha-bigode.jpg\",\"datePublished\":\"2022-04-19T17:30:00+00:00\",\"dateModified\":\"2026-04-22T16:49:32+00:00\",\"author\":{\"@id\":\"\"},\"breadcrumb\":{\"@id\":\"https:\/\/sorteioseamostrasgratis.com.br\/essa-mulher-se-recusa-a-tirar-os-pelos-do-rosto-e-do-corpo-e-diz-que-isso-aumentou-sua-confianca\/#breadcrumb\"},\"inLanguage\":\"fr-FR\",\"potentialAction\":[{\"@type\":\"ReadAction\",\"target\":[\"https:\/\/sorteioseamostrasgratis.com.br\/essa-mulher-se-recusa-a-tirar-os-pelos-do-rosto-e-do-corpo-e-diz-que-isso-aumentou-sua-confianca\/\"]}]},{\"@type\":\"ImageObject\",\"inLanguage\":\"fr-FR\",\"@id\":\"https:\/\/sorteioseamostrasgratis.com.br\/essa-mulher-se-recusa-a-tirar-os-pelos-do-rosto-e-do-corpo-e-diz-que-isso-aumentou-sua-confianca\/#primaryimage\",\"url\":\"https:\/\/blogger.googleusercontent.com\/img\/b\/R29vZ2xl\/AVvXsEjkczVx5u6fALbNLujMG7YRx9Lbi1vphiiPf79foEV_0-yzQPL4Zs9thtWFONXUUdOehvECk0qY4abKYdPBjSvDmqZpPLJj4IzYlNkRSRikWZBlAmwt3fcuXe3KFicRnEdDFoUn8gb1ulz1lMF7Mhzk6rQKIAjWVUDPFSfmSxGBXPP1NFmZs-O1DMDY\/w640-h366\/jovem-se-recusa-a-tirar-pelos-sobrancelha-bigode.jpg\",\"contentUrl\":\"https:\/\/blogger.googleusercontent.com\/img\/b\/R29vZ2xl\/AVvXsEjkczVx5u6fALbNLujMG7YRx9Lbi1vphiiPf79foEV_0-yzQPL4Zs9thtWFONXUUdOehvECk0qY4abKYdPBjSvDmqZpPLJj4IzYlNkRSRikWZBlAmwt3fcuXe3KFicRnEdDFoUn8gb1ulz1lMF7Mhzk6rQKIAjWVUDPFSfmSxGBXPP1NFmZs-O1DMDY\/w640-h366\/jovem-se-recusa-a-tirar-pelos-sobrancelha-bigode.jpg\"},{\"@type\":\"BreadcrumbList\",\"@id\":\"https:\/\/sorteioseamostrasgratis.com.br\/essa-mulher-se-recusa-a-tirar-os-pelos-do-rosto-e-do-corpo-e-diz-que-isso-aumentou-sua-confianca\/#breadcrumb\",\"itemListElement\":[{\"@type\":\"ListItem\",\"position\":1,\"name\":\"Home\",\"item\":\"https:\/\/sorteioseamostrasgratis.com.br\/\"},{\"@type\":\"ListItem\",\"position\":2,\"name\":\"Essa mulher se recusa a tirar os pelos do rosto e do corpo e diz que isso aumentou sua confian\u00e7a\"}]},{\"@type\":\"WebSite\",\"@id\":\"https:\/\/sorteioseamostrasgratis.com.br\/#website\",\"url\":\"https:\/\/sorteioseamostrasgratis.com.br\/\",\"name\":\"Sorteios Amostras Gratis\",\"description\":\"\",\"potentialAction\":[{\"@type\":\"SearchAction\",\"target\":{\"@type\":\"EntryPoint\",\"urlTemplate\":\"https:\/\/sorteioseamostrasgratis.com.br\/?s={search_term_string}\"},\"query-input\":\"required name=search_term_string\"}],\"inLanguage\":\"fr-FR\"}]}<\/script>\n<!-- \/ Yoast SEO plugin. -->","yoast_head_json":{"title":"Essa mulher se recusa a tirar os pelos do rosto e do corpo e diz que isso aumentou sua confian\u00e7a - Sorteios Amostras Gratis","robots":{"index":"index","follow":"follow","max-snippet":"max-snippet:-1","max-image-preview":"max-image-preview:large","max-video-preview":"max-video-preview:-1"},"canonical":"https:\/\/sorteioseamostrasgratis.com.br\/fr\/essa-mulher-se-recusa-a-tirar-os-pelos-do-rosto-e-do-corpo-e-diz-que-isso-aumentou-sua-confianca\/","og_locale":"fr_FR","og_type":"article","og_title":"Essa mulher se recusa a tirar os pelos do rosto e do corpo e diz que isso aumentou sua confian\u00e7a - Sorteios Amostras Gratis","og_description":"Eldina quer ser aceita como realmente \u00e9, com todos os pelos do corpo. Os pelos s\u00e3o uma parte natural de nosso corpo, mas a forma como escolhemos mant\u00ea-los divide opini\u00f5es h\u00e1 muito tempo. Especialmente nas mulheres, \u00e9 comum que os pelos, especialmente os mais vis\u00edveis, como da sobrancelha, bu\u00e7o e axilas estejam aparados, porque, para&hellip; Continue reading Essa mulher se recusa a tirar os pelos do rosto e do corpo e diz que isso aumentou sua confian\u00e7a","og_url":"https:\/\/sorteioseamostrasgratis.com.br\/fr\/essa-mulher-se-recusa-a-tirar-os-pelos-do-rosto-e-do-corpo-e-diz-que-isso-aumentou-sua-confianca\/","og_site_name":"Sorteios Amostras Gratis","article_published_time":"2022-04-19T17:30:00+00:00","article_modified_time":"2026-04-22T16:49:32+00:00","og_image":[{"url":"https:\/\/blogger.googleusercontent.com\/img\/b\/R29vZ2xl\/AVvXsEjkczVx5u6fALbNLujMG7YRx9Lbi1vphiiPf79foEV_0-yzQPL4Zs9thtWFONXUUdOehvECk0qY4abKYdPBjSvDmqZpPLJj4IzYlNkRSRikWZBlAmwt3fcuXe3KFicRnEdDFoUn8gb1ulz1lMF7Mhzk6rQKIAjWVUDPFSfmSxGBXPP1NFmZs-O1DMDY\/w640-h366\/jovem-se-recusa-a-tirar-pelos-sobrancelha-bigode.jpg"}],"twitter_card":"summary_large_image","twitter_misc":{"Est. reading time":"2 minutes"},"schema":{"@context":"https:\/\/schema.org","@graph":[{"@type":"WebPage","@id":"https:\/\/sorteioseamostrasgratis.com.br\/essa-mulher-se-recusa-a-tirar-os-pelos-do-rosto-e-do-corpo-e-diz-que-isso-aumentou-sua-confianca\/","url":"https:\/\/sorteioseamostrasgratis.com.br\/essa-mulher-se-recusa-a-tirar-os-pelos-do-rosto-e-do-corpo-e-diz-que-isso-aumentou-sua-confianca\/","name":"Essa mulher se recusa a tirar os pelos do rosto e do corpo e diz que isso aumentou sua confian\u00e7a - Sorteios Amostras Gratis","isPartOf":{"@id":"https:\/\/sorteioseamostrasgratis.com.br\/#website"},"primaryImageOfPage":{"@id":"https:\/\/sorteioseamostrasgratis.com.br\/essa-mulher-se-recusa-a-tirar-os-pelos-do-rosto-e-do-corpo-e-diz-que-isso-aumentou-sua-confianca\/#primaryimage"},"image":{"@id":"https:\/\/sorteioseamostrasgratis.com.br\/essa-mulher-se-recusa-a-tirar-os-pelos-do-rosto-e-do-corpo-e-diz-que-isso-aumentou-sua-confianca\/#primaryimage"},"thumbnailUrl":"https:\/\/blogger.googleusercontent.com\/img\/b\/R29vZ2xl\/AVvXsEjkczVx5u6fALbNLujMG7YRx9Lbi1vphiiPf79foEV_0-yzQPL4Zs9thtWFONXUUdOehvECk0qY4abKYdPBjSvDmqZpPLJj4IzYlNkRSRikWZBlAmwt3fcuXe3KFicRnEdDFoUn8gb1ulz1lMF7Mhzk6rQKIAjWVUDPFSfmSxGBXPP1NFmZs-O1DMDY\/w640-h366\/jovem-se-recusa-a-tirar-pelos-sobrancelha-bigode.jpg","datePublished":"2022-04-19T17:30:00+00:00","dateModified":"2026-04-22T16:49:32+00:00","author":{"@id":""},"breadcrumb":{"@id":"https:\/\/sorteioseamostrasgratis.com.br\/essa-mulher-se-recusa-a-tirar-os-pelos-do-rosto-e-do-corpo-e-diz-que-isso-aumentou-sua-confianca\/#breadcrumb"},"inLanguage":"fr-FR","potentialAction":[{"@type":"ReadAction","target":["https:\/\/sorteioseamostrasgratis.com.br\/essa-mulher-se-recusa-a-tirar-os-pelos-do-rosto-e-do-corpo-e-diz-que-isso-aumentou-sua-confianca\/"]}]},{"@type":"ImageObject","inLanguage":"fr-FR","@id":"https:\/\/sorteioseamostrasgratis.com.br\/essa-mulher-se-recusa-a-tirar-os-pelos-do-rosto-e-do-corpo-e-diz-que-isso-aumentou-sua-confianca\/#primaryimage","url":"https:\/\/blogger.googleusercontent.com\/img\/b\/R29vZ2xl\/AVvXsEjkczVx5u6fALbNLujMG7YRx9Lbi1vphiiPf79foEV_0-yzQPL4Zs9thtWFONXUUdOehvECk0qY4abKYdPBjSvDmqZpPLJj4IzYlNkRSRikWZBlAmwt3fcuXe3KFicRnEdDFoUn8gb1ulz1lMF7Mhzk6rQKIAjWVUDPFSfmSxGBXPP1NFmZs-O1DMDY\/w640-h366\/jovem-se-recusa-a-tirar-pelos-sobrancelha-bigode.jpg","contentUrl":"https:\/\/blogger.googleusercontent.com\/img\/b\/R29vZ2xl\/AVvXsEjkczVx5u6fALbNLujMG7YRx9Lbi1vphiiPf79foEV_0-yzQPL4Zs9thtWFONXUUdOehvECk0qY4abKYdPBjSvDmqZpPLJj4IzYlNkRSRikWZBlAmwt3fcuXe3KFicRnEdDFoUn8gb1ulz1lMF7Mhzk6rQKIAjWVUDPFSfmSxGBXPP1NFmZs-O1DMDY\/w640-h366\/jovem-se-recusa-a-tirar-pelos-sobrancelha-bigode.jpg"},{"@type":"BreadcrumbList","@id":"https:\/\/sorteioseamostrasgratis.com.br\/essa-mulher-se-recusa-a-tirar-os-pelos-do-rosto-e-do-corpo-e-diz-que-isso-aumentou-sua-confianca\/#breadcrumb","itemListElement":[{"@type":"ListItem","position":1,"name":"Home","item":"https:\/\/sorteioseamostrasgratis.com.br\/"},{"@type":"ListItem","position":2,"name":"Essa mulher se recusa a tirar os pelos do rosto e do corpo e diz que isso aumentou sua confian\u00e7a"}]},{"@type":"WebSite","@id":"https:\/\/sorteioseamostrasgratis.com.br\/#website","url":"https:\/\/sorteioseamostrasgratis.com.br\/","name":"Sorteios Amostras Gratis","description":"","potentialAction":[{"@type":"SearchAction","target":{"@type":"EntryPoint","urlTemplate":"https:\/\/sorteioseamostrasgratis.com.br\/?s={search_term_string}"},"query-input":"required name=search_term_string"}],"inLanguage":"fr-FR"}]}},"_links":{"self":[{"href":"https:\/\/sorteioseamostrasgratis.com.br\/fr\/wp-json\/wp\/v2\/posts\/512"}],"collection":[{"href":"https:\/\/sorteioseamostrasgratis.com.br\/fr\/wp-json\/wp\/v2\/posts"}],"about":[{"href":"https:\/\/sorteioseamostrasgratis.com.br\/fr\/wp-json\/wp\/v2\/types\/post"}],"replies":[{"embeddable":true,"href":"https:\/\/sorteioseamostrasgratis.com.br\/fr\/wp-json\/wp\/v2\/comments?post=512"}],"version-history":[{"count":1,"href":"https:\/\/sorteioseamostrasgratis.com.br\/fr\/wp-json\/wp\/v2\/posts\/512\/revisions"}],"predecessor-version":[{"id":16061,"href":"https:\/\/sorteioseamostrasgratis.com.br\/fr\/wp-json\/wp\/v2\/posts\/512\/revisions\/16061"}],"wp:attachment":[{"href":"https:\/\/sorteioseamostrasgratis.com.br\/fr\/wp-json\/wp\/v2\/media?parent=512"}],"wp:term":[{"taxonomy":"category","embeddable":true,"href":"https:\/\/sorteioseamostrasgratis.com.br\/fr\/wp-json\/wp\/v2\/categories?post=512"},{"taxonomy":"post_tag","embeddable":true,"href":"https:\/\/sorteioseamostrasgratis.com.br\/fr\/wp-json\/wp\/v2\/tags?post=512"}],"curies":[{"name":"wp","href":"https:\/\/api.w.org\/{rel}","templated":true}]}}