{"id":512,"date":"2022-04-19T17:30:00","date_gmt":"2022-04-19T17:30:00","guid":{"rendered":"https:\/\/sorteioseamostrasgratis.com.br\/essa-mulher-se-recusa-a-tirar-os-pelos-do-rosto-e-do-corpo-e-diz-que-isso-aumentou-sua-confianca\/"},"modified":"2026-04-22T16:49:32","modified_gmt":"2026-04-22T16:49:32","slug":"essa-mulher-se-recusa-a-tirar-os-pelos-do-rosto-e-do-corpo-e-diz-que-isso-aumentou-sua-confianca","status":"publish","type":"post","link":"https:\/\/sorteioseamostrasgratis.com.br\/es_es\/essa-mulher-se-recusa-a-tirar-os-pelos-do-rosto-e-do-corpo-e-diz-que-isso-aumentou-sua-confianca\/","title":{"rendered":"Esta mujer se niega a afeitarse el vello facial y corporal y dice que esto aumenta su confianza."},"content":{"rendered":"<div class=\"mx-5 sm:mx-0 prose text-left mb-5\">\n<p style=\"text-align: center;\">\n<div style=\"clear: both; text-align: center;\"><a href=\"https:\/\/blogger.googleusercontent.com\/img\/b\/R29vZ2xl\/AVvXsEjkczVx5u6fALbNLujMG7YRx9Lbi1vphiiPf79foEV_0-yzQPL4Zs9thtWFONXUUdOehvECk0qY4abKYdPBjSvDmqZpPLJj4IzYlNkRSRikWZBlAmwt3fcuXe3KFicRnEdDFoUn8gb1ulz1lMF7Mhzk6rQKIAjWVUDPFSfmSxGBXPP1NFmZs-O1DMDY\/s800\/jovem-se-recusa-a-tirar-pelos-sobrancelha-bigode.jpg\" style=\"margin-left: 1em; margin-right: 1em;\"><img loading=\"lazy\" decoding=\"async\" border=\"0\" data-original-height=\"457\" data-original-width=\"800\" height=\"366\" src=\"https:\/\/blogger.googleusercontent.com\/img\/b\/R29vZ2xl\/AVvXsEjkczVx5u6fALbNLujMG7YRx9Lbi1vphiiPf79foEV_0-yzQPL4Zs9thtWFONXUUdOehvECk0qY4abKYdPBjSvDmqZpPLJj4IzYlNkRSRikWZBlAmwt3fcuXe3KFicRnEdDFoUn8gb1ulz1lMF7Mhzk6rQKIAjWVUDPFSfmSxGBXPP1NFmZs-O1DMDY\/w640-h366\/jovem-se-recusa-a-tirar-pelos-sobrancelha-bigode.jpg\" width=\"640\" \/><\/a><\/div>\n<p><span style=\"color: #444444; font-family: verdana;\"><br \/><\/span><\/p>\n<p><span style=\"color: #444444; font-family: verdana;\">Eldina quiere ser aceptada tal como es, con todo su vello corporal. El vello es una parte natural de nuestro cuerpo, pero la forma en que lo cuidamos ha sido durante mucho tiempo motivo de divisi\u00f3n.<\/span><\/p>\n<p><span style=\"color: #444444; font-family: verdana;\"><br \/><\/span><\/p>\n<p><span style=\"color: #444444; font-family: verdana;\">Sobre todo en las mujeres, es habitual que se recorte el vello, sobre todo el m\u00e1s visible, como las cejas, el labio superior y las axilas, porque, para muchas de ellas, la depilaci\u00f3n es algo natural, lo cual es bueno, ya que aporta m\u00e1s libertad e incluso una mejor sensaci\u00f3n de higiene.<\/span><\/p>\n<p><span style=\"color: #444444; font-family: verdana;\"><br \/><\/span><\/p>\n<p><span style=\"color: #444444; font-family: verdana;\">Sin embargo, para otro grupo de mujeres, depilarse o darle forma no es algo que disfruten, sino que lo hacen \u00fanicamente por presi\u00f3n social, ya que se sienten bien manteni\u00e9ndolo en su forma natural.<\/span><\/p>\n<p><span style=\"color: #444444; font-family: verdana;\"><br \/><\/span><\/p>\n<p><span style=\"color: #444444; font-family: verdana;\">Ac\u00e9ptate con todo tu cabello<\/span><\/p>\n<p><span style=\"color: #444444; font-family: verdana;\">Eldina Jaganjac, danesa de 31 a\u00f1os, es una de esas mujeres. Hace un tiempo, decidi\u00f3 no depilarse m\u00e1s y, desde entonces, ha mantenido una apariencia muy natural, con la que est\u00e1 satisfecha.<\/span><\/p>\n<p><span style=\"color: #444444; font-family: verdana;\"><br \/><\/span><\/p>\n<p><span style=\"color: #444444; font-family: verdana;\">En una entrevista con Unilad, dijo que se siente frustrada con las diferencias en la depilaci\u00f3n entre hombres y mujeres, y que se niega a depilarse el labio superior o las cejas, lo que le funciona como una forma de \u201celiminar\u201d las malas citas, conociendo solo hombres que la acepten como realmente es.<\/span><\/p>\n<p><span style=\"color: #444444; font-family: verdana;\"><\/span><\/p>\n<p><\/p>\n<div><\/div>\n<\/p>\n<div style=\"clear: both; text-align: center;\"><a href=\"https:\/\/blogger.googleusercontent.com\/img\/b\/R29vZ2xl\/AVvXsEiagk7IsdRROcAyoaShEcsWmE7C5tlERiQUEjckVD13SDzd2gg08UuRX3w0EseqeQjrMZvLBTOMoFP6lL5-GD-Fhz_5J5x_EpcDOrqbGwtHKqbeL6PHkfQHRcu2VJ0XG-y9auoDiRmBKlYS--XBvZ1J-IcX8h-zoq6qtW4PYnQcKAr-ie45hUvYRDSx\/s800\/mulher-pelos-faciais-sobrancelha.jpg\" style=\"margin-left: 1em; margin-right: 1em;\"><img loading=\"lazy\" decoding=\"async\" border=\"0\" data-original-height=\"430\" data-original-width=\"800\" height=\"344\" src=\"https:\/\/blogger.googleusercontent.com\/img\/b\/R29vZ2xl\/AVvXsEiagk7IsdRROcAyoaShEcsWmE7C5tlERiQUEjckVD13SDzd2gg08UuRX3w0EseqeQjrMZvLBTOMoFP6lL5-GD-Fhz_5J5x_EpcDOrqbGwtHKqbeL6PHkfQHRcu2VJ0XG-y9auoDiRmBKlYS--XBvZ1J-IcX8h-zoq6qtW4PYnQcKAr-ie45hUvYRDSx\/w640-h344\/mulher-pelos-faciais-sobrancelha.jpg\" width=\"640\" \/><\/a><\/div>\n<div style=\"clear: both; text-align: center;\"><b style=\"background-color: white; color: #424242; font-family: Lato, sans-serif; font-size: 16px; margin: 0px; padding: 0px; text-align: start;\">Desde marzo de 2020 mantiene esta nueva apariencia, pues se dio cuenta de que el largo de su cabello no influye en su feminidad.<\/b><\/div>\n<\/p>\n<div style=\"clear: both;\">\n<div style=\"clear: both;\"><span style=\"color: #444444; font-family: verdana;\">Eldina explic\u00f3 que antes de dejarse crecer las cejas, sent\u00eda que las mujeres ten\u00edan opciones de apariencia muy limitadas y se\u00f1al\u00f3 que cuando los hombres no se afeitan ni depilan las cejas, nadie lo comenta porque no se considera algo &quot;fuera de lo com\u00fan&quot;.<\/span><\/div>\n<div style=\"clear: both;\"><span style=\"color: #444444; font-family: verdana;\"><br \/><\/span><\/div>\n<div style=\"clear: both;\"><span style=\"color: #444444; font-family: verdana;\">Tambi\u00e9n coment\u00f3 que ha dejado de salir porque sus cejas o sus piernas no estaban \u201cbien\u201d, pero que ahora ha aprendido a controlarse y est\u00e1 enfocada en sus metas, sin importarle si le cae bien o no a la gente, porque probablemente no los volver\u00e1n a ver.<\/span><\/div>\n<div style=\"clear: both;\"><span style=\"color: #444444; font-family: verdana;\"><br \/><\/span><\/div>\n<div style=\"clear: both;\"><span style=\"color: #444444; font-family: verdana;\">Por supuesto, al principio enfrent\u00f3 desaf\u00edos: muchos hombres le dec\u00edan que se afeitara o incluso la miraban fijamente las cejas como si tuviera una &quot;tercera cabeza&quot;, pero ella dice que esto solo la ayud\u00f3 a alejar a las personas con las que no quiere estar.<\/span><\/div>\n<\/div>\n<div style=\"clear: both;\">\n<div style=\"clear: both;\"><\/div>\n<\/div>\n<p><span style=\"color: #444444; font-family: verdana;\"><br \/><\/span><\/p>\n<\/div>","protected":false},"excerpt":{"rendered":"<p>Eldina quer ser aceita como realmente \u00e9, com todos os pelos do corpo. Os pelos s\u00e3o uma parte natural de nosso corpo, mas a forma como escolhemos mant\u00ea-los divide opini\u00f5es h\u00e1 muito tempo. Especialmente nas mulheres, \u00e9 comum que os pelos, especialmente os mais vis\u00edveis, como da sobrancelha, bu\u00e7o e axilas estejam aparados, porque, para&hellip; <a class=\"more-link\" href=\"https:\/\/sorteioseamostrasgratis.com.br\/es_es\/essa-mulher-se-recusa-a-tirar-os-pelos-do-rosto-e-do-corpo-e-diz-que-isso-aumentou-sua-confianca\/\">Sigue leyendo <span class=\"screen-reader-text\">Esta mujer se niega a afeitarse el vello facial y corporal y dice que esto aumenta su confianza.<\/span><\/a><\/p>","protected":false},"author":0,"featured_media":0,"comment_status":"open","ping_status":"open","sticky":false,"template":"","format":"standard","meta":{"footnotes":""},"categories":[32],"tags":[],"yoast_head":"<!-- This site is optimized with the Yoast SEO plugin v23.3 - https:\/\/yoast.com\/wordpress\/plugins\/seo\/ -->\n<title>Essa mulher se recusa a tirar os pelos do rosto e do corpo e diz que isso aumentou sua confian\u00e7a - Sorteios Amostras Gratis<\/title>\n<meta name=\"robots\" content=\"index, follow, max-snippet:-1, max-image-preview:large, max-video-preview:-1\" \/>\n<link rel=\"canonical\" href=\"https:\/\/sorteioseamostrasgratis.com.br\/es_es\/essa-mulher-se-recusa-a-tirar-os-pelos-do-rosto-e-do-corpo-e-diz-que-isso-aumentou-sua-confianca\/\" \/>\n<meta property=\"og:locale\" content=\"es_ES\" \/>\n<meta property=\"og:type\" content=\"article\" \/>\n<meta property=\"og:title\" content=\"Essa mulher se recusa a tirar os pelos do rosto e do corpo e diz que isso aumentou sua confian\u00e7a - Sorteios Amostras Gratis\" \/>\n<meta property=\"og:description\" content=\"Eldina quer ser aceita como realmente \u00e9, com todos os pelos do corpo. Os pelos s\u00e3o uma parte natural de nosso corpo, mas a forma como escolhemos mant\u00ea-los divide opini\u00f5es h\u00e1 muito tempo. Especialmente nas mulheres, \u00e9 comum que os pelos, especialmente os mais vis\u00edveis, como da sobrancelha, bu\u00e7o e axilas estejam aparados, porque, para&hellip; Continue reading Essa mulher se recusa a tirar os pelos do rosto e do corpo e diz que isso aumentou sua confian\u00e7a\" \/>\n<meta property=\"og:url\" content=\"https:\/\/sorteioseamostrasgratis.com.br\/es_es\/essa-mulher-se-recusa-a-tirar-os-pelos-do-rosto-e-do-corpo-e-diz-que-isso-aumentou-sua-confianca\/\" \/>\n<meta property=\"og:site_name\" content=\"Sorteios Amostras Gratis\" \/>\n<meta property=\"article:published_time\" content=\"2022-04-19T17:30:00+00:00\" \/>\n<meta property=\"article:modified_time\" content=\"2026-04-22T16:49:32+00:00\" \/>\n<meta property=\"og:image\" content=\"https:\/\/blogger.googleusercontent.com\/img\/b\/R29vZ2xl\/AVvXsEjkczVx5u6fALbNLujMG7YRx9Lbi1vphiiPf79foEV_0-yzQPL4Zs9thtWFONXUUdOehvECk0qY4abKYdPBjSvDmqZpPLJj4IzYlNkRSRikWZBlAmwt3fcuXe3KFicRnEdDFoUn8gb1ulz1lMF7Mhzk6rQKIAjWVUDPFSfmSxGBXPP1NFmZs-O1DMDY\/w640-h366\/jovem-se-recusa-a-tirar-pelos-sobrancelha-bigode.jpg\" \/>\n<meta name=\"twitter:card\" content=\"summary_large_image\" \/>\n<meta name=\"twitter:label1\" content=\"Est. reading time\" \/>\n\t<meta name=\"twitter:data1\" content=\"2 minutos\" \/>\n<script type=\"application\/ld+json\" class=\"yoast-schema-graph\">{\"@context\":\"https:\/\/schema.org\",\"@graph\":[{\"@type\":\"WebPage\",\"@id\":\"https:\/\/sorteioseamostrasgratis.com.br\/essa-mulher-se-recusa-a-tirar-os-pelos-do-rosto-e-do-corpo-e-diz-que-isso-aumentou-sua-confianca\/\",\"url\":\"https:\/\/sorteioseamostrasgratis.com.br\/essa-mulher-se-recusa-a-tirar-os-pelos-do-rosto-e-do-corpo-e-diz-que-isso-aumentou-sua-confianca\/\",\"name\":\"Essa mulher se recusa a tirar os pelos do rosto e do corpo e diz que isso aumentou sua confian\u00e7a - Sorteios Amostras Gratis\",\"isPartOf\":{\"@id\":\"https:\/\/sorteioseamostrasgratis.com.br\/#website\"},\"primaryImageOfPage\":{\"@id\":\"https:\/\/sorteioseamostrasgratis.com.br\/essa-mulher-se-recusa-a-tirar-os-pelos-do-rosto-e-do-corpo-e-diz-que-isso-aumentou-sua-confianca\/#primaryimage\"},\"image\":{\"@id\":\"https:\/\/sorteioseamostrasgratis.com.br\/essa-mulher-se-recusa-a-tirar-os-pelos-do-rosto-e-do-corpo-e-diz-que-isso-aumentou-sua-confianca\/#primaryimage\"},\"thumbnailUrl\":\"https:\/\/blogger.googleusercontent.com\/img\/b\/R29vZ2xl\/AVvXsEjkczVx5u6fALbNLujMG7YRx9Lbi1vphiiPf79foEV_0-yzQPL4Zs9thtWFONXUUdOehvECk0qY4abKYdPBjSvDmqZpPLJj4IzYlNkRSRikWZBlAmwt3fcuXe3KFicRnEdDFoUn8gb1ulz1lMF7Mhzk6rQKIAjWVUDPFSfmSxGBXPP1NFmZs-O1DMDY\/w640-h366\/jovem-se-recusa-a-tirar-pelos-sobrancelha-bigode.jpg\",\"datePublished\":\"2022-04-19T17:30:00+00:00\",\"dateModified\":\"2026-04-22T16:49:32+00:00\",\"author\":{\"@id\":\"\"},\"breadcrumb\":{\"@id\":\"https:\/\/sorteioseamostrasgratis.com.br\/essa-mulher-se-recusa-a-tirar-os-pelos-do-rosto-e-do-corpo-e-diz-que-isso-aumentou-sua-confianca\/#breadcrumb\"},\"inLanguage\":\"es\",\"potentialAction\":[{\"@type\":\"ReadAction\",\"target\":[\"https:\/\/sorteioseamostrasgratis.com.br\/essa-mulher-se-recusa-a-tirar-os-pelos-do-rosto-e-do-corpo-e-diz-que-isso-aumentou-sua-confianca\/\"]}]},{\"@type\":\"ImageObject\",\"inLanguage\":\"es\",\"@id\":\"https:\/\/sorteioseamostrasgratis.com.br\/essa-mulher-se-recusa-a-tirar-os-pelos-do-rosto-e-do-corpo-e-diz-que-isso-aumentou-sua-confianca\/#primaryimage\",\"url\":\"https:\/\/blogger.googleusercontent.com\/img\/b\/R29vZ2xl\/AVvXsEjkczVx5u6fALbNLujMG7YRx9Lbi1vphiiPf79foEV_0-yzQPL4Zs9thtWFONXUUdOehvECk0qY4abKYdPBjSvDmqZpPLJj4IzYlNkRSRikWZBlAmwt3fcuXe3KFicRnEdDFoUn8gb1ulz1lMF7Mhzk6rQKIAjWVUDPFSfmSxGBXPP1NFmZs-O1DMDY\/w640-h366\/jovem-se-recusa-a-tirar-pelos-sobrancelha-bigode.jpg\",\"contentUrl\":\"https:\/\/blogger.googleusercontent.com\/img\/b\/R29vZ2xl\/AVvXsEjkczVx5u6fALbNLujMG7YRx9Lbi1vphiiPf79foEV_0-yzQPL4Zs9thtWFONXUUdOehvECk0qY4abKYdPBjSvDmqZpPLJj4IzYlNkRSRikWZBlAmwt3fcuXe3KFicRnEdDFoUn8gb1ulz1lMF7Mhzk6rQKIAjWVUDPFSfmSxGBXPP1NFmZs-O1DMDY\/w640-h366\/jovem-se-recusa-a-tirar-pelos-sobrancelha-bigode.jpg\"},{\"@type\":\"BreadcrumbList\",\"@id\":\"https:\/\/sorteioseamostrasgratis.com.br\/essa-mulher-se-recusa-a-tirar-os-pelos-do-rosto-e-do-corpo-e-diz-que-isso-aumentou-sua-confianca\/#breadcrumb\",\"itemListElement\":[{\"@type\":\"ListItem\",\"position\":1,\"name\":\"Home\",\"item\":\"https:\/\/sorteioseamostrasgratis.com.br\/\"},{\"@type\":\"ListItem\",\"position\":2,\"name\":\"Essa mulher se recusa a tirar os pelos do rosto e do corpo e diz que isso aumentou sua confian\u00e7a\"}]},{\"@type\":\"WebSite\",\"@id\":\"https:\/\/sorteioseamostrasgratis.com.br\/#website\",\"url\":\"https:\/\/sorteioseamostrasgratis.com.br\/\",\"name\":\"Sorteios Amostras Gratis\",\"description\":\"\",\"potentialAction\":[{\"@type\":\"SearchAction\",\"target\":{\"@type\":\"EntryPoint\",\"urlTemplate\":\"https:\/\/sorteioseamostrasgratis.com.br\/?s={search_term_string}\"},\"query-input\":\"required name=search_term_string\"}],\"inLanguage\":\"es\"}]}<\/script>\n<!-- \/ Yoast SEO plugin. -->","yoast_head_json":{"title":"Essa mulher se recusa a tirar os pelos do rosto e do corpo e diz que isso aumentou sua confian\u00e7a - Sorteios Amostras Gratis","robots":{"index":"index","follow":"follow","max-snippet":"max-snippet:-1","max-image-preview":"max-image-preview:large","max-video-preview":"max-video-preview:-1"},"canonical":"https:\/\/sorteioseamostrasgratis.com.br\/es_es\/essa-mulher-se-recusa-a-tirar-os-pelos-do-rosto-e-do-corpo-e-diz-que-isso-aumentou-sua-confianca\/","og_locale":"es_ES","og_type":"article","og_title":"Essa mulher se recusa a tirar os pelos do rosto e do corpo e diz que isso aumentou sua confian\u00e7a - Sorteios Amostras Gratis","og_description":"Eldina quer ser aceita como realmente \u00e9, com todos os pelos do corpo. Os pelos s\u00e3o uma parte natural de nosso corpo, mas a forma como escolhemos mant\u00ea-los divide opini\u00f5es h\u00e1 muito tempo. Especialmente nas mulheres, \u00e9 comum que os pelos, especialmente os mais vis\u00edveis, como da sobrancelha, bu\u00e7o e axilas estejam aparados, porque, para&hellip; Continue reading Essa mulher se recusa a tirar os pelos do rosto e do corpo e diz que isso aumentou sua confian\u00e7a","og_url":"https:\/\/sorteioseamostrasgratis.com.br\/es_es\/essa-mulher-se-recusa-a-tirar-os-pelos-do-rosto-e-do-corpo-e-diz-que-isso-aumentou-sua-confianca\/","og_site_name":"Sorteios Amostras Gratis","article_published_time":"2022-04-19T17:30:00+00:00","article_modified_time":"2026-04-22T16:49:32+00:00","og_image":[{"url":"https:\/\/blogger.googleusercontent.com\/img\/b\/R29vZ2xl\/AVvXsEjkczVx5u6fALbNLujMG7YRx9Lbi1vphiiPf79foEV_0-yzQPL4Zs9thtWFONXUUdOehvECk0qY4abKYdPBjSvDmqZpPLJj4IzYlNkRSRikWZBlAmwt3fcuXe3KFicRnEdDFoUn8gb1ulz1lMF7Mhzk6rQKIAjWVUDPFSfmSxGBXPP1NFmZs-O1DMDY\/w640-h366\/jovem-se-recusa-a-tirar-pelos-sobrancelha-bigode.jpg"}],"twitter_card":"summary_large_image","twitter_misc":{"Est. reading time":"2 minutos"},"schema":{"@context":"https:\/\/schema.org","@graph":[{"@type":"WebPage","@id":"https:\/\/sorteioseamostrasgratis.com.br\/essa-mulher-se-recusa-a-tirar-os-pelos-do-rosto-e-do-corpo-e-diz-que-isso-aumentou-sua-confianca\/","url":"https:\/\/sorteioseamostrasgratis.com.br\/essa-mulher-se-recusa-a-tirar-os-pelos-do-rosto-e-do-corpo-e-diz-que-isso-aumentou-sua-confianca\/","name":"Essa mulher se recusa a tirar os pelos do rosto e do corpo e diz que isso aumentou sua confian\u00e7a - Sorteios Amostras Gratis","isPartOf":{"@id":"https:\/\/sorteioseamostrasgratis.com.br\/#website"},"primaryImageOfPage":{"@id":"https:\/\/sorteioseamostrasgratis.com.br\/essa-mulher-se-recusa-a-tirar-os-pelos-do-rosto-e-do-corpo-e-diz-que-isso-aumentou-sua-confianca\/#primaryimage"},"image":{"@id":"https:\/\/sorteioseamostrasgratis.com.br\/essa-mulher-se-recusa-a-tirar-os-pelos-do-rosto-e-do-corpo-e-diz-que-isso-aumentou-sua-confianca\/#primaryimage"},"thumbnailUrl":"https:\/\/blogger.googleusercontent.com\/img\/b\/R29vZ2xl\/AVvXsEjkczVx5u6fALbNLujMG7YRx9Lbi1vphiiPf79foEV_0-yzQPL4Zs9thtWFONXUUdOehvECk0qY4abKYdPBjSvDmqZpPLJj4IzYlNkRSRikWZBlAmwt3fcuXe3KFicRnEdDFoUn8gb1ulz1lMF7Mhzk6rQKIAjWVUDPFSfmSxGBXPP1NFmZs-O1DMDY\/w640-h366\/jovem-se-recusa-a-tirar-pelos-sobrancelha-bigode.jpg","datePublished":"2022-04-19T17:30:00+00:00","dateModified":"2026-04-22T16:49:32+00:00","author":{"@id":""},"breadcrumb":{"@id":"https:\/\/sorteioseamostrasgratis.com.br\/essa-mulher-se-recusa-a-tirar-os-pelos-do-rosto-e-do-corpo-e-diz-que-isso-aumentou-sua-confianca\/#breadcrumb"},"inLanguage":"es","potentialAction":[{"@type":"ReadAction","target":["https:\/\/sorteioseamostrasgratis.com.br\/essa-mulher-se-recusa-a-tirar-os-pelos-do-rosto-e-do-corpo-e-diz-que-isso-aumentou-sua-confianca\/"]}]},{"@type":"ImageObject","inLanguage":"es","@id":"https:\/\/sorteioseamostrasgratis.com.br\/essa-mulher-se-recusa-a-tirar-os-pelos-do-rosto-e-do-corpo-e-diz-que-isso-aumentou-sua-confianca\/#primaryimage","url":"https:\/\/blogger.googleusercontent.com\/img\/b\/R29vZ2xl\/AVvXsEjkczVx5u6fALbNLujMG7YRx9Lbi1vphiiPf79foEV_0-yzQPL4Zs9thtWFONXUUdOehvECk0qY4abKYdPBjSvDmqZpPLJj4IzYlNkRSRikWZBlAmwt3fcuXe3KFicRnEdDFoUn8gb1ulz1lMF7Mhzk6rQKIAjWVUDPFSfmSxGBXPP1NFmZs-O1DMDY\/w640-h366\/jovem-se-recusa-a-tirar-pelos-sobrancelha-bigode.jpg","contentUrl":"https:\/\/blogger.googleusercontent.com\/img\/b\/R29vZ2xl\/AVvXsEjkczVx5u6fALbNLujMG7YRx9Lbi1vphiiPf79foEV_0-yzQPL4Zs9thtWFONXUUdOehvECk0qY4abKYdPBjSvDmqZpPLJj4IzYlNkRSRikWZBlAmwt3fcuXe3KFicRnEdDFoUn8gb1ulz1lMF7Mhzk6rQKIAjWVUDPFSfmSxGBXPP1NFmZs-O1DMDY\/w640-h366\/jovem-se-recusa-a-tirar-pelos-sobrancelha-bigode.jpg"},{"@type":"BreadcrumbList","@id":"https:\/\/sorteioseamostrasgratis.com.br\/essa-mulher-se-recusa-a-tirar-os-pelos-do-rosto-e-do-corpo-e-diz-que-isso-aumentou-sua-confianca\/#breadcrumb","itemListElement":[{"@type":"ListItem","position":1,"name":"Home","item":"https:\/\/sorteioseamostrasgratis.com.br\/"},{"@type":"ListItem","position":2,"name":"Essa mulher se recusa a tirar os pelos do rosto e do corpo e diz que isso aumentou sua confian\u00e7a"}]},{"@type":"WebSite","@id":"https:\/\/sorteioseamostrasgratis.com.br\/#website","url":"https:\/\/sorteioseamostrasgratis.com.br\/","name":"Sorteios Amostras Gratis","description":"","potentialAction":[{"@type":"SearchAction","target":{"@type":"EntryPoint","urlTemplate":"https:\/\/sorteioseamostrasgratis.com.br\/?s={search_term_string}"},"query-input":"required name=search_term_string"}],"inLanguage":"es"}]}},"_links":{"self":[{"href":"https:\/\/sorteioseamostrasgratis.com.br\/es_es\/wp-json\/wp\/v2\/posts\/512"}],"collection":[{"href":"https:\/\/sorteioseamostrasgratis.com.br\/es_es\/wp-json\/wp\/v2\/posts"}],"about":[{"href":"https:\/\/sorteioseamostrasgratis.com.br\/es_es\/wp-json\/wp\/v2\/types\/post"}],"replies":[{"embeddable":true,"href":"https:\/\/sorteioseamostrasgratis.com.br\/es_es\/wp-json\/wp\/v2\/comments?post=512"}],"version-history":[{"count":1,"href":"https:\/\/sorteioseamostrasgratis.com.br\/es_es\/wp-json\/wp\/v2\/posts\/512\/revisions"}],"predecessor-version":[{"id":16061,"href":"https:\/\/sorteioseamostrasgratis.com.br\/es_es\/wp-json\/wp\/v2\/posts\/512\/revisions\/16061"}],"wp:attachment":[{"href":"https:\/\/sorteioseamostrasgratis.com.br\/es_es\/wp-json\/wp\/v2\/media?parent=512"}],"wp:term":[{"taxonomy":"category","embeddable":true,"href":"https:\/\/sorteioseamostrasgratis.com.br\/es_es\/wp-json\/wp\/v2\/categories?post=512"},{"taxonomy":"post_tag","embeddable":true,"href":"https:\/\/sorteioseamostrasgratis.com.br\/es_es\/wp-json\/wp\/v2\/tags?post=512"}],"curies":[{"name":"wp","href":"https:\/\/api.w.org\/{rel}","templated":true}]}}