{"id":512,"date":"2022-04-19T17:30:00","date_gmt":"2022-04-19T17:30:00","guid":{"rendered":"https:\/\/sorteioseamostrasgratis.com.br\/essa-mulher-se-recusa-a-tirar-os-pelos-do-rosto-e-do-corpo-e-diz-que-isso-aumentou-sua-confianca\/"},"modified":"2026-04-22T16:49:32","modified_gmt":"2026-04-22T16:49:32","slug":"essa-mulher-se-recusa-a-tirar-os-pelos-do-rosto-e-do-corpo-e-diz-que-isso-aumentou-sua-confianca","status":"publish","type":"post","link":"https:\/\/sorteioseamostrasgratis.com.br\/de\/essa-mulher-se-recusa-a-tirar-os-pelos-do-rosto-e-do-corpo-e-diz-que-isso-aumentou-sua-confianca\/","title":{"rendered":"Diese Frau weigert sich, ihr Gesicht und ihre K\u00f6rperbehaarung zu rasieren und sagt, dass dies ihr Selbstvertrauen gest\u00e4rkt habe."},"content":{"rendered":"<div class=\"mx-5 sm:mx-0 prose text-left mb-5\">\n<p style=\"text-align: center;\">\n<div style=\"clear: both; text-align: center;\"><a href=\"https:\/\/blogger.googleusercontent.com\/img\/b\/R29vZ2xl\/AVvXsEjkczVx5u6fALbNLujMG7YRx9Lbi1vphiiPf79foEV_0-yzQPL4Zs9thtWFONXUUdOehvECk0qY4abKYdPBjSvDmqZpPLJj4IzYlNkRSRikWZBlAmwt3fcuXe3KFicRnEdDFoUn8gb1ulz1lMF7Mhzk6rQKIAjWVUDPFSfmSxGBXPP1NFmZs-O1DMDY\/s800\/jovem-se-recusa-a-tirar-pelos-sobrancelha-bigode.jpg\" style=\"margin-left: 1em; margin-right: 1em;\"><img loading=\"lazy\" decoding=\"async\" border=\"0\" data-original-height=\"457\" data-original-width=\"800\" height=\"366\" src=\"https:\/\/blogger.googleusercontent.com\/img\/b\/R29vZ2xl\/AVvXsEjkczVx5u6fALbNLujMG7YRx9Lbi1vphiiPf79foEV_0-yzQPL4Zs9thtWFONXUUdOehvECk0qY4abKYdPBjSvDmqZpPLJj4IzYlNkRSRikWZBlAmwt3fcuXe3KFicRnEdDFoUn8gb1ulz1lMF7Mhzk6rQKIAjWVUDPFSfmSxGBXPP1NFmZs-O1DMDY\/w640-h366\/jovem-se-recusa-a-tirar-pelos-sobrancelha-bigode.jpg\" width=\"640\" \/><\/a><\/div>\n<p><span style=\"color: #444444; font-family: verdana;\"><br \/><\/span><\/p>\n<p><span style=\"color: #444444; font-family: verdana;\">Eldina m\u00f6chte so akzeptiert werden, wie sie wirklich ist, mit all ihrer K\u00f6rperbehaarung. Haare sind ein nat\u00fcrlicher Teil unseres K\u00f6rpers, doch die Art und Weise, wie wir sie pflegen, sorgt seit langem f\u00fcr Spaltung.<\/span><\/p>\n<p><span style=\"color: #444444; font-family: verdana;\"><br \/><\/span><\/p>\n<p><span style=\"color: #444444; font-family: verdana;\">Besonders bei Frauen ist es \u00fcblich, die Haare, insbesondere die sichtbarsten wie Augenbrauen, Oberlippe und Achseln, zu trimmen, da die Haarentfernung f\u00fcr viele von ihnen etwas Nat\u00fcrliches ist, was gut ist, da es mehr Freiheit und sogar ein besseres Gef\u00fchl f\u00fcr Hygiene mit sich bringt.<\/span><\/p>\n<p><span style=\"color: #444444; font-family: verdana;\"><br \/><\/span><\/p>\n<p><span style=\"color: #444444; font-family: verdana;\">Eine andere Gruppe von Frauen hingegen macht sich nicht gerne die Haare, sondern tut es nur, weil die Gesellschaft ihnen Druck macht und sie sich wohler f\u00fchlen, wenn sie ihre Haare in ihrer nat\u00fcrlichen Form behalten.<\/span><\/p>\n<p><span style=\"color: #444444; font-family: verdana;\"><br \/><\/span><\/p>\n<p><span style=\"color: #444444; font-family: verdana;\">Akzeptiere dich mit all deinen Haaren<\/span><\/p>\n<p><span style=\"color: #444444; font-family: verdana;\">Eldina Jaganjac, eine 31-j\u00e4hrige D\u00e4nin, ist eine dieser Frauen. Vor einiger Zeit beschloss sie, ihre Haare nicht mehr zu entfernen und hat seitdem ein sehr nat\u00fcrliches Aussehen, mit dem sie zufrieden ist.<\/span><\/p>\n<p><span style=\"color: #444444; font-family: verdana;\"><br \/><\/span><\/p>\n<p><span style=\"color: #444444; font-family: verdana;\">In einem Interview mit Unilad sagte sie, dass sie \u00fcber die Unterschiede bei der Haarentfernung zwischen M\u00e4nnern und Frauen frustriert sei und dass sie sich weigere, ihre Oberlippe oder Augenbrauen zu wachsen, was f\u00fcr sie eine M\u00f6glichkeit sei, schlechte Dates zu \u201eeliminieren\u201c und nur M\u00e4nner zu treffen, die sie so akzeptieren, wie sie wirklich ist.<\/span><\/p>\n<p><span style=\"color: #444444; font-family: verdana;\"><\/span><\/p>\n<p><\/p>\n<div><\/div>\n<\/p>\n<div style=\"clear: both; text-align: center;\"><a href=\"https:\/\/blogger.googleusercontent.com\/img\/b\/R29vZ2xl\/AVvXsEiagk7IsdRROcAyoaShEcsWmE7C5tlERiQUEjckVD13SDzd2gg08UuRX3w0EseqeQjrMZvLBTOMoFP6lL5-GD-Fhz_5J5x_EpcDOrqbGwtHKqbeL6PHkfQHRcu2VJ0XG-y9auoDiRmBKlYS--XBvZ1J-IcX8h-zoq6qtW4PYnQcKAr-ie45hUvYRDSx\/s800\/mulher-pelos-faciais-sobrancelha.jpg\" style=\"margin-left: 1em; margin-right: 1em;\"><img loading=\"lazy\" decoding=\"async\" border=\"0\" data-original-height=\"430\" data-original-width=\"800\" height=\"344\" src=\"https:\/\/blogger.googleusercontent.com\/img\/b\/R29vZ2xl\/AVvXsEiagk7IsdRROcAyoaShEcsWmE7C5tlERiQUEjckVD13SDzd2gg08UuRX3w0EseqeQjrMZvLBTOMoFP6lL5-GD-Fhz_5J5x_EpcDOrqbGwtHKqbeL6PHkfQHRcu2VJ0XG-y9auoDiRmBKlYS--XBvZ1J-IcX8h-zoq6qtW4PYnQcKAr-ie45hUvYRDSx\/w640-h344\/mulher-pelos-faciais-sobrancelha.jpg\" width=\"640\" \/><\/a><\/div>\n<div style=\"clear: both; text-align: center;\"><b style=\"background-color: white; color: #424242; font-family: Lato, sans-serif; font-size: 16px; margin: 0px; padding: 0px; text-align: start;\">Seit M\u00e4rz 2020 beh\u00e4lt sie dieses neue Aussehen bei, da sie erkannt hat, dass die L\u00e4nge ihrer Haare keinen Einfluss auf ihre Weiblichkeit hat.<\/b><\/div>\n<\/p>\n<div style=\"clear: both;\">\n<div style=\"clear: both;\"><span style=\"color: #444444; font-family: verdana;\">Eldina erkl\u00e4rte, dass sie vor dem Wachsenlassen ihrer Augenbrauen das Gef\u00fchl hatte, Frauen h\u00e4tten nur sehr begrenzte M\u00f6glichkeiten, ihr Aussehen zu ver\u00e4ndern. Sie merkte an, dass es niemand kommentiert, wenn M\u00e4nner sich nicht rasieren oder ihre Augenbrauen nicht zupfen, weil das nicht als etwas \u201eUngew\u00f6hnliches\u201c angesehen wird.<\/span><\/div>\n<div style=\"clear: both;\"><span style=\"color: #444444; font-family: verdana;\"><br \/><\/span><\/div>\n<div style=\"clear: both;\"><span style=\"color: #444444; font-family: verdana;\">Sie sagte auch, dass sie aufgeh\u00f6rt habe, auszugehen, weil ihre Augenbrauen oder Beine nicht \u201erichtig\u201c gewesen seien, dass sie jetzt aber gelernt habe, sich zu beherrschen und sich auf ihre Ziele konzentriere, ohne sich darum zu k\u00fcmmern, ob die Leute sie m\u00f6gen oder nicht, weil sie sie wahrscheinlich nie wiedersehen w\u00fcrden.<\/span><\/div>\n<div style=\"clear: both;\"><span style=\"color: #444444; font-family: verdana;\"><br \/><\/span><\/div>\n<div style=\"clear: both;\"><span style=\"color: #444444; font-family: verdana;\">Nat\u00fcrlich war es am Anfang nicht einfach f\u00fcr sie: Viele M\u00e4nner forderten sie auf, sich zu rasieren, oder starrten sogar auf ihre Augenbrauen, als h\u00e4tte sie einen \u201edritten Kopf\u201c. Doch sie sagt, das habe ihr nur geholfen, die Menschen abzuwehren, mit denen sie nichts zu tun haben wollte.<\/span><\/div>\n<\/div>\n<div style=\"clear: both;\">\n<div style=\"clear: both;\"><\/div>\n<\/div>\n<p><span style=\"color: #444444; font-family: verdana;\"><br \/><\/span><\/p>\n<\/div>","protected":false},"excerpt":{"rendered":"<p>Eldina quer ser aceita como realmente \u00e9, com todos os pelos do corpo. Os pelos s\u00e3o uma parte natural de nosso corpo, mas a forma como escolhemos mant\u00ea-los divide opini\u00f5es h\u00e1 muito tempo. Especialmente nas mulheres, \u00e9 comum que os pelos, especialmente os mais vis\u00edveis, como da sobrancelha, bu\u00e7o e axilas estejam aparados, porque, para&hellip; <a class=\"more-link\" href=\"https:\/\/sorteioseamostrasgratis.com.br\/de\/essa-mulher-se-recusa-a-tirar-os-pelos-do-rosto-e-do-corpo-e-diz-que-isso-aumentou-sua-confianca\/\">Weiterlesen <span class=\"screen-reader-text\">Diese Frau weigert sich, ihr Gesicht und ihre K\u00f6rperbehaarung zu rasieren und sagt, dass dies ihr Selbstvertrauen gest\u00e4rkt habe.<\/span><\/a><\/p>","protected":false},"author":0,"featured_media":0,"comment_status":"open","ping_status":"open","sticky":false,"template":"","format":"standard","meta":{"footnotes":""},"categories":[32],"tags":[],"yoast_head":"<!-- This site is optimized with the Yoast SEO plugin v23.3 - https:\/\/yoast.com\/wordpress\/plugins\/seo\/ -->\n<title>Essa mulher se recusa a tirar os pelos do rosto e do corpo e diz que isso aumentou sua confian\u00e7a - Sorteios Amostras Gratis<\/title>\n<meta name=\"robots\" content=\"index, follow, max-snippet:-1, max-image-preview:large, max-video-preview:-1\" \/>\n<link rel=\"canonical\" href=\"https:\/\/sorteioseamostrasgratis.com.br\/de\/essa-mulher-se-recusa-a-tirar-os-pelos-do-rosto-e-do-corpo-e-diz-que-isso-aumentou-sua-confianca\/\" \/>\n<meta property=\"og:locale\" content=\"de_DE\" \/>\n<meta property=\"og:type\" content=\"article\" \/>\n<meta property=\"og:title\" content=\"Essa mulher se recusa a tirar os pelos do rosto e do corpo e diz que isso aumentou sua confian\u00e7a - Sorteios Amostras Gratis\" \/>\n<meta property=\"og:description\" content=\"Eldina quer ser aceita como realmente \u00e9, com todos os pelos do corpo. Os pelos s\u00e3o uma parte natural de nosso corpo, mas a forma como escolhemos mant\u00ea-los divide opini\u00f5es h\u00e1 muito tempo. Especialmente nas mulheres, \u00e9 comum que os pelos, especialmente os mais vis\u00edveis, como da sobrancelha, bu\u00e7o e axilas estejam aparados, porque, para&hellip; Continue reading Essa mulher se recusa a tirar os pelos do rosto e do corpo e diz que isso aumentou sua confian\u00e7a\" \/>\n<meta property=\"og:url\" content=\"https:\/\/sorteioseamostrasgratis.com.br\/de\/essa-mulher-se-recusa-a-tirar-os-pelos-do-rosto-e-do-corpo-e-diz-que-isso-aumentou-sua-confianca\/\" \/>\n<meta property=\"og:site_name\" content=\"Sorteios Amostras Gratis\" \/>\n<meta property=\"article:published_time\" content=\"2022-04-19T17:30:00+00:00\" \/>\n<meta property=\"article:modified_time\" content=\"2026-04-22T16:49:32+00:00\" \/>\n<meta property=\"og:image\" content=\"https:\/\/blogger.googleusercontent.com\/img\/b\/R29vZ2xl\/AVvXsEjkczVx5u6fALbNLujMG7YRx9Lbi1vphiiPf79foEV_0-yzQPL4Zs9thtWFONXUUdOehvECk0qY4abKYdPBjSvDmqZpPLJj4IzYlNkRSRikWZBlAmwt3fcuXe3KFicRnEdDFoUn8gb1ulz1lMF7Mhzk6rQKIAjWVUDPFSfmSxGBXPP1NFmZs-O1DMDY\/w640-h366\/jovem-se-recusa-a-tirar-pelos-sobrancelha-bigode.jpg\" \/>\n<meta name=\"twitter:card\" content=\"summary_large_image\" \/>\n<meta name=\"twitter:label1\" content=\"Est. reading time\" \/>\n\t<meta name=\"twitter:data1\" content=\"2 Minuten\" \/>\n<script type=\"application\/ld+json\" class=\"yoast-schema-graph\">{\"@context\":\"https:\/\/schema.org\",\"@graph\":[{\"@type\":\"WebPage\",\"@id\":\"https:\/\/sorteioseamostrasgratis.com.br\/essa-mulher-se-recusa-a-tirar-os-pelos-do-rosto-e-do-corpo-e-diz-que-isso-aumentou-sua-confianca\/\",\"url\":\"https:\/\/sorteioseamostrasgratis.com.br\/essa-mulher-se-recusa-a-tirar-os-pelos-do-rosto-e-do-corpo-e-diz-que-isso-aumentou-sua-confianca\/\",\"name\":\"Essa mulher se recusa a tirar os pelos do rosto e do corpo e diz que isso aumentou sua confian\u00e7a - Sorteios Amostras Gratis\",\"isPartOf\":{\"@id\":\"https:\/\/sorteioseamostrasgratis.com.br\/#website\"},\"primaryImageOfPage\":{\"@id\":\"https:\/\/sorteioseamostrasgratis.com.br\/essa-mulher-se-recusa-a-tirar-os-pelos-do-rosto-e-do-corpo-e-diz-que-isso-aumentou-sua-confianca\/#primaryimage\"},\"image\":{\"@id\":\"https:\/\/sorteioseamostrasgratis.com.br\/essa-mulher-se-recusa-a-tirar-os-pelos-do-rosto-e-do-corpo-e-diz-que-isso-aumentou-sua-confianca\/#primaryimage\"},\"thumbnailUrl\":\"https:\/\/blogger.googleusercontent.com\/img\/b\/R29vZ2xl\/AVvXsEjkczVx5u6fALbNLujMG7YRx9Lbi1vphiiPf79foEV_0-yzQPL4Zs9thtWFONXUUdOehvECk0qY4abKYdPBjSvDmqZpPLJj4IzYlNkRSRikWZBlAmwt3fcuXe3KFicRnEdDFoUn8gb1ulz1lMF7Mhzk6rQKIAjWVUDPFSfmSxGBXPP1NFmZs-O1DMDY\/w640-h366\/jovem-se-recusa-a-tirar-pelos-sobrancelha-bigode.jpg\",\"datePublished\":\"2022-04-19T17:30:00+00:00\",\"dateModified\":\"2026-04-22T16:49:32+00:00\",\"author\":{\"@id\":\"\"},\"breadcrumb\":{\"@id\":\"https:\/\/sorteioseamostrasgratis.com.br\/essa-mulher-se-recusa-a-tirar-os-pelos-do-rosto-e-do-corpo-e-diz-que-isso-aumentou-sua-confianca\/#breadcrumb\"},\"inLanguage\":\"de-DE\",\"potentialAction\":[{\"@type\":\"ReadAction\",\"target\":[\"https:\/\/sorteioseamostrasgratis.com.br\/essa-mulher-se-recusa-a-tirar-os-pelos-do-rosto-e-do-corpo-e-diz-que-isso-aumentou-sua-confianca\/\"]}]},{\"@type\":\"ImageObject\",\"inLanguage\":\"de-DE\",\"@id\":\"https:\/\/sorteioseamostrasgratis.com.br\/essa-mulher-se-recusa-a-tirar-os-pelos-do-rosto-e-do-corpo-e-diz-que-isso-aumentou-sua-confianca\/#primaryimage\",\"url\":\"https:\/\/blogger.googleusercontent.com\/img\/b\/R29vZ2xl\/AVvXsEjkczVx5u6fALbNLujMG7YRx9Lbi1vphiiPf79foEV_0-yzQPL4Zs9thtWFONXUUdOehvECk0qY4abKYdPBjSvDmqZpPLJj4IzYlNkRSRikWZBlAmwt3fcuXe3KFicRnEdDFoUn8gb1ulz1lMF7Mhzk6rQKIAjWVUDPFSfmSxGBXPP1NFmZs-O1DMDY\/w640-h366\/jovem-se-recusa-a-tirar-pelos-sobrancelha-bigode.jpg\",\"contentUrl\":\"https:\/\/blogger.googleusercontent.com\/img\/b\/R29vZ2xl\/AVvXsEjkczVx5u6fALbNLujMG7YRx9Lbi1vphiiPf79foEV_0-yzQPL4Zs9thtWFONXUUdOehvECk0qY4abKYdPBjSvDmqZpPLJj4IzYlNkRSRikWZBlAmwt3fcuXe3KFicRnEdDFoUn8gb1ulz1lMF7Mhzk6rQKIAjWVUDPFSfmSxGBXPP1NFmZs-O1DMDY\/w640-h366\/jovem-se-recusa-a-tirar-pelos-sobrancelha-bigode.jpg\"},{\"@type\":\"BreadcrumbList\",\"@id\":\"https:\/\/sorteioseamostrasgratis.com.br\/essa-mulher-se-recusa-a-tirar-os-pelos-do-rosto-e-do-corpo-e-diz-que-isso-aumentou-sua-confianca\/#breadcrumb\",\"itemListElement\":[{\"@type\":\"ListItem\",\"position\":1,\"name\":\"Home\",\"item\":\"https:\/\/sorteioseamostrasgratis.com.br\/\"},{\"@type\":\"ListItem\",\"position\":2,\"name\":\"Essa mulher se recusa a tirar os pelos do rosto e do corpo e diz que isso aumentou sua confian\u00e7a\"}]},{\"@type\":\"WebSite\",\"@id\":\"https:\/\/sorteioseamostrasgratis.com.br\/#website\",\"url\":\"https:\/\/sorteioseamostrasgratis.com.br\/\",\"name\":\"Sorteios Amostras Gratis\",\"description\":\"\",\"potentialAction\":[{\"@type\":\"SearchAction\",\"target\":{\"@type\":\"EntryPoint\",\"urlTemplate\":\"https:\/\/sorteioseamostrasgratis.com.br\/?s={search_term_string}\"},\"query-input\":\"required name=search_term_string\"}],\"inLanguage\":\"de-DE\"}]}<\/script>\n<!-- \/ Yoast SEO plugin. -->","yoast_head_json":{"title":"Essa mulher se recusa a tirar os pelos do rosto e do corpo e diz que isso aumentou sua confian\u00e7a - Sorteios Amostras Gratis","robots":{"index":"index","follow":"follow","max-snippet":"max-snippet:-1","max-image-preview":"max-image-preview:large","max-video-preview":"max-video-preview:-1"},"canonical":"https:\/\/sorteioseamostrasgratis.com.br\/de\/essa-mulher-se-recusa-a-tirar-os-pelos-do-rosto-e-do-corpo-e-diz-que-isso-aumentou-sua-confianca\/","og_locale":"de_DE","og_type":"article","og_title":"Essa mulher se recusa a tirar os pelos do rosto e do corpo e diz que isso aumentou sua confian\u00e7a - Sorteios Amostras Gratis","og_description":"Eldina quer ser aceita como realmente \u00e9, com todos os pelos do corpo. Os pelos s\u00e3o uma parte natural de nosso corpo, mas a forma como escolhemos mant\u00ea-los divide opini\u00f5es h\u00e1 muito tempo. Especialmente nas mulheres, \u00e9 comum que os pelos, especialmente os mais vis\u00edveis, como da sobrancelha, bu\u00e7o e axilas estejam aparados, porque, para&hellip; Continue reading Essa mulher se recusa a tirar os pelos do rosto e do corpo e diz que isso aumentou sua confian\u00e7a","og_url":"https:\/\/sorteioseamostrasgratis.com.br\/de\/essa-mulher-se-recusa-a-tirar-os-pelos-do-rosto-e-do-corpo-e-diz-que-isso-aumentou-sua-confianca\/","og_site_name":"Sorteios Amostras Gratis","article_published_time":"2022-04-19T17:30:00+00:00","article_modified_time":"2026-04-22T16:49:32+00:00","og_image":[{"url":"https:\/\/blogger.googleusercontent.com\/img\/b\/R29vZ2xl\/AVvXsEjkczVx5u6fALbNLujMG7YRx9Lbi1vphiiPf79foEV_0-yzQPL4Zs9thtWFONXUUdOehvECk0qY4abKYdPBjSvDmqZpPLJj4IzYlNkRSRikWZBlAmwt3fcuXe3KFicRnEdDFoUn8gb1ulz1lMF7Mhzk6rQKIAjWVUDPFSfmSxGBXPP1NFmZs-O1DMDY\/w640-h366\/jovem-se-recusa-a-tirar-pelos-sobrancelha-bigode.jpg"}],"twitter_card":"summary_large_image","twitter_misc":{"Est. reading time":"2 Minuten"},"schema":{"@context":"https:\/\/schema.org","@graph":[{"@type":"WebPage","@id":"https:\/\/sorteioseamostrasgratis.com.br\/essa-mulher-se-recusa-a-tirar-os-pelos-do-rosto-e-do-corpo-e-diz-que-isso-aumentou-sua-confianca\/","url":"https:\/\/sorteioseamostrasgratis.com.br\/essa-mulher-se-recusa-a-tirar-os-pelos-do-rosto-e-do-corpo-e-diz-que-isso-aumentou-sua-confianca\/","name":"Essa mulher se recusa a tirar os pelos do rosto e do corpo e diz que isso aumentou sua confian\u00e7a - Sorteios Amostras Gratis","isPartOf":{"@id":"https:\/\/sorteioseamostrasgratis.com.br\/#website"},"primaryImageOfPage":{"@id":"https:\/\/sorteioseamostrasgratis.com.br\/essa-mulher-se-recusa-a-tirar-os-pelos-do-rosto-e-do-corpo-e-diz-que-isso-aumentou-sua-confianca\/#primaryimage"},"image":{"@id":"https:\/\/sorteioseamostrasgratis.com.br\/essa-mulher-se-recusa-a-tirar-os-pelos-do-rosto-e-do-corpo-e-diz-que-isso-aumentou-sua-confianca\/#primaryimage"},"thumbnailUrl":"https:\/\/blogger.googleusercontent.com\/img\/b\/R29vZ2xl\/AVvXsEjkczVx5u6fALbNLujMG7YRx9Lbi1vphiiPf79foEV_0-yzQPL4Zs9thtWFONXUUdOehvECk0qY4abKYdPBjSvDmqZpPLJj4IzYlNkRSRikWZBlAmwt3fcuXe3KFicRnEdDFoUn8gb1ulz1lMF7Mhzk6rQKIAjWVUDPFSfmSxGBXPP1NFmZs-O1DMDY\/w640-h366\/jovem-se-recusa-a-tirar-pelos-sobrancelha-bigode.jpg","datePublished":"2022-04-19T17:30:00+00:00","dateModified":"2026-04-22T16:49:32+00:00","author":{"@id":""},"breadcrumb":{"@id":"https:\/\/sorteioseamostrasgratis.com.br\/essa-mulher-se-recusa-a-tirar-os-pelos-do-rosto-e-do-corpo-e-diz-que-isso-aumentou-sua-confianca\/#breadcrumb"},"inLanguage":"de-DE","potentialAction":[{"@type":"ReadAction","target":["https:\/\/sorteioseamostrasgratis.com.br\/essa-mulher-se-recusa-a-tirar-os-pelos-do-rosto-e-do-corpo-e-diz-que-isso-aumentou-sua-confianca\/"]}]},{"@type":"ImageObject","inLanguage":"de-DE","@id":"https:\/\/sorteioseamostrasgratis.com.br\/essa-mulher-se-recusa-a-tirar-os-pelos-do-rosto-e-do-corpo-e-diz-que-isso-aumentou-sua-confianca\/#primaryimage","url":"https:\/\/blogger.googleusercontent.com\/img\/b\/R29vZ2xl\/AVvXsEjkczVx5u6fALbNLujMG7YRx9Lbi1vphiiPf79foEV_0-yzQPL4Zs9thtWFONXUUdOehvECk0qY4abKYdPBjSvDmqZpPLJj4IzYlNkRSRikWZBlAmwt3fcuXe3KFicRnEdDFoUn8gb1ulz1lMF7Mhzk6rQKIAjWVUDPFSfmSxGBXPP1NFmZs-O1DMDY\/w640-h366\/jovem-se-recusa-a-tirar-pelos-sobrancelha-bigode.jpg","contentUrl":"https:\/\/blogger.googleusercontent.com\/img\/b\/R29vZ2xl\/AVvXsEjkczVx5u6fALbNLujMG7YRx9Lbi1vphiiPf79foEV_0-yzQPL4Zs9thtWFONXUUdOehvECk0qY4abKYdPBjSvDmqZpPLJj4IzYlNkRSRikWZBlAmwt3fcuXe3KFicRnEdDFoUn8gb1ulz1lMF7Mhzk6rQKIAjWVUDPFSfmSxGBXPP1NFmZs-O1DMDY\/w640-h366\/jovem-se-recusa-a-tirar-pelos-sobrancelha-bigode.jpg"},{"@type":"BreadcrumbList","@id":"https:\/\/sorteioseamostrasgratis.com.br\/essa-mulher-se-recusa-a-tirar-os-pelos-do-rosto-e-do-corpo-e-diz-que-isso-aumentou-sua-confianca\/#breadcrumb","itemListElement":[{"@type":"ListItem","position":1,"name":"Home","item":"https:\/\/sorteioseamostrasgratis.com.br\/"},{"@type":"ListItem","position":2,"name":"Essa mulher se recusa a tirar os pelos do rosto e do corpo e diz que isso aumentou sua confian\u00e7a"}]},{"@type":"WebSite","@id":"https:\/\/sorteioseamostrasgratis.com.br\/#website","url":"https:\/\/sorteioseamostrasgratis.com.br\/","name":"Sorteios Amostras Gratis","description":"","potentialAction":[{"@type":"SearchAction","target":{"@type":"EntryPoint","urlTemplate":"https:\/\/sorteioseamostrasgratis.com.br\/?s={search_term_string}"},"query-input":"required name=search_term_string"}],"inLanguage":"de-DE"}]}},"_links":{"self":[{"href":"https:\/\/sorteioseamostrasgratis.com.br\/de\/wp-json\/wp\/v2\/posts\/512"}],"collection":[{"href":"https:\/\/sorteioseamostrasgratis.com.br\/de\/wp-json\/wp\/v2\/posts"}],"about":[{"href":"https:\/\/sorteioseamostrasgratis.com.br\/de\/wp-json\/wp\/v2\/types\/post"}],"replies":[{"embeddable":true,"href":"https:\/\/sorteioseamostrasgratis.com.br\/de\/wp-json\/wp\/v2\/comments?post=512"}],"version-history":[{"count":1,"href":"https:\/\/sorteioseamostrasgratis.com.br\/de\/wp-json\/wp\/v2\/posts\/512\/revisions"}],"predecessor-version":[{"id":16061,"href":"https:\/\/sorteioseamostrasgratis.com.br\/de\/wp-json\/wp\/v2\/posts\/512\/revisions\/16061"}],"wp:attachment":[{"href":"https:\/\/sorteioseamostrasgratis.com.br\/de\/wp-json\/wp\/v2\/media?parent=512"}],"wp:term":[{"taxonomy":"category","embeddable":true,"href":"https:\/\/sorteioseamostrasgratis.com.br\/de\/wp-json\/wp\/v2\/categories?post=512"},{"taxonomy":"post_tag","embeddable":true,"href":"https:\/\/sorteioseamostrasgratis.com.br\/de\/wp-json\/wp\/v2\/tags?post=512"}],"curies":[{"name":"wp","href":"https:\/\/api.w.org\/{rel}","templated":true}]}}